{"id":129527,"date":"2026-04-14T20:21:51","date_gmt":"2026-04-14T20:21:51","guid":{"rendered":"https:\/\/tvbrazilusa.com\/2026\/04\/14\/dino-diz-ser-gigantesco-erro-historico-apontar-stf-como-maior-problema-nacional-paulo-figueiredo\/"},"modified":"2026-04-14T20:39:32","modified_gmt":"2026-04-14T20:39:32","slug":"dino-diz-ser-gigantesco-erro-historico-apontar-stf-como-maior-problema-nacional-paulo-figueiredo","status":"publish","type":"post","link":"https:\/\/tvbrazilusa.com\/pt\/2026\/04\/14\/dino-diz-ser-gigantesco-erro-historico-apontar-stf-como-maior-problema-nacional-paulo-figueiredo\/","title":{"rendered":"Dino diz ser &#8220;gigantesco erro hist\u00f3rico&#8221; apontar STF como &#8220;maior problema nacional&#8221; &#8211; Paulo Figueiredo"},"content":{"rendered":"<p> <script async src=\"https:\/\/pagead2.googlesyndication.com\/pagead\/js\/adsbygoogle.js?client=ca-pub-8864793242727901\"\r\n     crossorigin=\"anonymous\"><\/script><br \/>\n<\/p>\n<div id=\"wtr-content\" data-bg=\"#FFFFFF\" data-fg=\"#006d91\" data-width=\"25\" data-mute=\"1\" data-fgopacity=\"1.00\" data-mutedopacity=\"0.5\" data-placement=\"bottom\" data-placement-offset=\"0\" data-content-offset=\"262\" data-placement-touch=\"bottom\" data-placement-offset-touch=\"0\" data-transparent=\"\" data-shadow=\"0\" data-touch=\"1\" data-non-touch=\"1\" data-comments=\"0\" data-commentsbg=\"transparent\" data-location=\"page\" data-mutedfg=\"#006d91\" data-endfg=\"#006d91\" data-rtl=\"\">\n<h4 class=\"wp-block-heading\">Magistrado se manifestou depois de a CPI do Crime Organizado indiciar ministros do tribunal, al\u00e9m do procurador-geral da Rep\u00fablica<\/h4>\n<p>Nesta ter\u00e7a-feira, 14, o ministro Fl\u00e1vio Dino disse ser um \u201cgigantesco erro hist\u00f3rico\u201d apontar o\u00a0Supremo Tribunal Federal (STF)\u00a0como \u201co maior problema nacional\u201d.<\/p>\n<p>A declara\u00e7\u00e3o ocorreu no Instagram,\u00a0depois de a Comiss\u00e3o Parlamentar de Inqu\u00e9rito do Crime Organizado indiciar ministros do STF e tamb\u00e9m o procurador-geral da Rep\u00fablica (PGR), Paulo Gonet.\u00a0Dino n\u00e3o citou nomes.<\/p>\n<p>No texto, Dino sustentou que o STF e a PGR possuem um \u201crelevante conjunto de decis\u00f5es judiciais contra o crime organizado no Brasil\u201d.<\/p>\n<p>De acordo com o juiz do STF, ignorar essa atua\u00e7\u00e3o e atribuir ao tribunal a responsabilidade por problemas nacionais representa um equ\u00edvoco.<\/p>\n<p>O magistrado viu \u201cirresponsabilidade\u201d em investigar o crime organizado sem incluir mil\u00edcias, traficantes, vendedores de armas ilegais, garimpos ilegais, fac\u00e7\u00f5es que controlam territ\u00f3rios e \u201cmatadores e pistoleiros\u201d.<\/p>\n<p>Conforme ele, sua condi\u00e7\u00e3o de magistrado o impede de comentar amplamente o tema, mas registrou \u201csolidariedade pessoal aos colegas alvo de injusti\u00e7as\u201d.<\/p>\n<h4 class=\"wp-block-heading\" id=\"h-relatorio-divulgado-antes-de-fala-de-dino\">Relat\u00f3rio divulgado antes de fala de Dino<\/h4>\n<p>Mais cedo, a CPI divulgou trechos do relat\u00f3rio final de seus trabalhos.<\/p>\n<p>Relator da comiss\u00e3o, o senador Alessandro Vieira (MDB-SE) indiciou Gilmar Mendes, Alexandre de Moraes e Dias Toffoli.<\/p>\n<p>O parlamentar atribuiu aos tr\u00eas magistrados crimes de responsabilidade, que poderiam fundamentar pedidos de\u00a0<em>impeachment.<\/em><\/p>\n<p>Vieira argumentou que Moraes e Toffoli agiram \u201cde modo incompat\u00edvel\u201d com a honra, a dignidade e o decoro de suas fun\u00e7\u00f5es devido \u00e0 rela\u00e7\u00e3o mantida com o\u00a0Banco Master.<\/p>\n<p>No caso de Mendes,\u00a0ele apontou a suspens\u00e3o de quebras de sigilo da CPI para proteger os colegas, por parte do decano.<\/p>\n<p><strong><a href=\"https:\/\/revistaoeste.com\/politica\/dino-diz-ser-gigantesco-erro-historico-apontar-stf-como-maior-problema-nacional\/\">Cr\u00e9dito Revista Oeste<\/a><\/strong><\/p>\n<\/div>\n<p><br \/>\n<br \/><a href=\"https:\/\/paulofigueiredoshow.com\/dino-diz-ser-gigantesco-erro-historico-apontar-stf-como-maior-problema-nacional\/\">Source link <\/a><\/p>","protected":false},"excerpt":{"rendered":"<p>Magistrado se manifestou depois de a CPI do Crime Organizado indiciar ministros do tribunal, al\u00e9m do procurador-geral da Rep\u00fablica Nesta ter\u00e7a-feira, 14, o ministro Fl\u00e1vio Dino disse ser um \u201cgigantesco&hellip;<\/p>","protected":false},"author":1,"featured_media":129528,"comment_status":"closed","ping_status":"open","sticky":false,"template":"","format":"standard","meta":{"content-type":"","footnotes":""},"categories":[16],"tags":[],"class_list":["post-129527","post","type-post","status-publish","format-standard","has-post-thumbnail","hentry","category-noticias"],"_links":{"self":[{"href":"https:\/\/tvbrazilusa.com\/pt\/wp-json\/wp\/v2\/posts\/129527","targetHints":{"allow":["GET"]}}],"collection":[{"href":"https:\/\/tvbrazilusa.com\/pt\/wp-json\/wp\/v2\/posts"}],"about":[{"href":"https:\/\/tvbrazilusa.com\/pt\/wp-json\/wp\/v2\/types\/post"}],"author":[{"embeddable":true,"href":"https:\/\/tvbrazilusa.com\/pt\/wp-json\/wp\/v2\/users\/1"}],"replies":[{"embeddable":true,"href":"https:\/\/tvbrazilusa.com\/pt\/wp-json\/wp\/v2\/comments?post=129527"}],"version-history":[{"count":1,"href":"https:\/\/tvbrazilusa.com\/pt\/wp-json\/wp\/v2\/posts\/129527\/revisions"}],"predecessor-version":[{"id":129529,"href":"https:\/\/tvbrazilusa.com\/pt\/wp-json\/wp\/v2\/posts\/129527\/revisions\/129529"}],"wp:featuredmedia":[{"embeddable":true,"href":"https:\/\/tvbrazilusa.com\/pt\/wp-json\/wp\/v2\/media\/129528"}],"wp:attachment":[{"href":"https:\/\/tvbrazilusa.com\/pt\/wp-json\/wp\/v2\/media?parent=129527"}],"wp:term":[{"taxonomy":"category","embeddable":true,"href":"https:\/\/tvbrazilusa.com\/pt\/wp-json\/wp\/v2\/categories?post=129527"},{"taxonomy":"post_tag","embeddable":true,"href":"https:\/\/tvbrazilusa.com\/pt\/wp-json\/wp\/v2\/tags?post=129527"}],"curies":[{"name":"wp","href":"https:\/\/api.w.org\/{rel}","templated":true}]}}