{"id":129533,"date":"2026-04-14T21:19:56","date_gmt":"2026-04-14T21:19:56","guid":{"rendered":"https:\/\/tvbrazilusa.com\/2026\/04\/14\/oab-alerta-para-interpretacao-indevida-na-cpi-do-crime-organizado-paulo-figueiredo\/"},"modified":"2026-04-14T21:20:34","modified_gmt":"2026-04-14T21:20:34","slug":"oab-alerta-para-interpretacao-indevida-na-cpi-do-crime-organizado-paulo-figueiredo","status":"publish","type":"post","link":"https:\/\/tvbrazilusa.com\/pt\/2026\/04\/14\/oab-alerta-para-interpretacao-indevida-na-cpi-do-crime-organizado-paulo-figueiredo\/","title":{"rendered":"OAB alerta para interpreta\u00e7\u00e3o indevida na CPI do Crime Organizado &#8211; Paulo Figueiredo"},"content":{"rendered":"<p> <script async src=\"https:\/\/pagead2.googlesyndication.com\/pagead\/js\/adsbygoogle.js?client=ca-pub-8864793242727901\"\r\n     crossorigin=\"anonymous\"><\/script><br \/>\n<\/p>\n<div id=\"wtr-content\" data-bg=\"#FFFFFF\" data-fg=\"#006d91\" data-width=\"25\" data-mute=\"1\" data-fgopacity=\"1.00\" data-mutedopacity=\"0.5\" data-placement=\"bottom\" data-placement-offset=\"0\" data-content-offset=\"262\" data-placement-touch=\"bottom\" data-placement-offset-touch=\"0\" data-transparent=\"\" data-shadow=\"0\" data-touch=\"1\" data-non-touch=\"1\" data-comments=\"0\" data-commentsbg=\"transparent\" data-location=\"page\" data-mutedfg=\"#006d91\" data-endfg=\"#006d91\" data-rtl=\"\">\n<h4 class=\"wp-block-heading\">Colegiado tem \u00faltima reuni\u00e3o nesta ter\u00e7a (14) destinada \u00e0 leitura e vota\u00e7\u00e3o do relat\u00f3rio final<\/h4>\n<p>O Conselho Federal da OAB (Ordem dos Advogados do Brasil) encaminhou, nesta ter\u00e7a-feira (14), ao Senado Federal, considera\u00e7\u00f5es institucionais a respeito do relat\u00f3rio final da CPI (Comiss\u00e3o Parlamentar de Inqu\u00e9rito) do Crime Organizado.<\/p>\n<p>Ap\u00f3s ter a\u00a0prorroga\u00e7\u00e3o negada, a CPI do Crime Organizado tem a \u00faltima reuni\u00e3o nesta ter\u00e7a, destinada \u00e0 leitura e vota\u00e7\u00e3o do relat\u00f3rio final. O parecer, elaborado pelo senador\u00a0<strong>Alessandro Vieira<\/strong>\u00a0(MDB-SE) pede o indiciamento dos ministros do STF (Supremo Tribunal Federal) Dias Toffoli, Alexandre de Moraes e Gilmar Mendes, al\u00e9m do procurador-geral da Rep\u00fablica, Paulo Gonet,\u00a0por crimes de responsabilidade.<\/p>\n<p>Com a imin\u00eancia da leitura do parecer, a entidade manifestou preocupa\u00e7\u00e3o com trechos do relat\u00f3rio que podem gerar \u201cinterpreta\u00e7\u00f5es que associem indevidamente a advocacia a praticas \u00edlicitas\u201d, com destaques para o combate ao crime organizado e a lavagem de dinheiro.<\/p>\n<p>No texto, assinado pelo presidente da OAB, Beto Simonetti, a Ordem reconhece a import\u00e2ncia das investiga\u00e7\u00f5es feitas pela CPI, mas alerta que \u00e9 preciso cuidado ao tratar a atua\u00e7\u00e3o de profissionais essenciais \u00e0 Justi\u00e7a.<\/p>\n<p>Segundo Simonetti, h\u00e1 pontos no relat\u00f3rio que aproximam a advocacia de ideias ligadas \u00e0 ilegalidade sem a devida clareza, o que pode gerar interpreta\u00e7\u00f5es equivocadas.<\/p>\n<p>A OAB tamb\u00e9m critica o uso de termos como \u201cnovos ilegalismos\u201d e a inclus\u00e3o de escrit\u00f3rios de advocacia em linhas de investiga\u00e7\u00e3o, afirmando que isso pode levar a generaliza\u00e7\u00f5es injustas sobre a atua\u00e7\u00e3o dos advogados.<\/p>\n<p>Outro ponto destacado \u00e9 a quest\u00e3o dos honor\u00e1rios. A entidade afirma que o relat\u00f3rio pode passar a impress\u00e3o errada de que a remunera\u00e7\u00e3o dos advogados seria, por si s\u00f3, um sinal de irregularidade. Para a OAB, os honor\u00e1rios s\u00e3o o pagamento leg\u00edtimo pelo trabalho t\u00e9cnico e especializado, inclusive em casos complexos ou de grande valor.<\/p>\n<p>A Ordem refor\u00e7a ainda que o sigilo profissional e as prerrogativas da advocacia s\u00e3o garantias previstas na Constitui\u00e7\u00e3o, fundamentais para assegurar o direito de defesa e a confian\u00e7a entre advogado e cliente.<\/p>\n<p>Por fim, a entidade pede que o relat\u00f3rio da CPI seja analisado com cautela, para evitar distor\u00e7\u00f5es que possam prejudicar o papel da advocacia. Segundo o presidente da OAB, combater o crime organizado n\u00e3o pode significar enfraquecer uma institui\u00e7\u00e3o essencial para a Justi\u00e7a.<\/p>\n<p><strong><a href=\"https:\/\/www.cnnbrasil.com.br\/politica\/oab-alerta-para-interpretacao-indevida-na-cpi-do-crime-organizado\/\">Cr\u00e9dito CNN Brasil<\/a><\/strong><\/p>\n<\/div>\n<p><br \/>\n<br \/><a href=\"https:\/\/paulofigueiredoshow.com\/oab-alerta-para-interpretacao-indevida-na-cpi-do-crime-organizado\/\">Source link <\/a><\/p>","protected":false},"excerpt":{"rendered":"<p>Colegiado tem \u00faltima reuni\u00e3o nesta ter\u00e7a (14) destinada \u00e0 leitura e vota\u00e7\u00e3o do relat\u00f3rio final O Conselho Federal da OAB (Ordem dos Advogados do Brasil) encaminhou, nesta ter\u00e7a-feira (14), ao&hellip;<\/p>","protected":false},"author":1,"featured_media":129534,"comment_status":"closed","ping_status":"open","sticky":false,"template":"","format":"standard","meta":{"content-type":"","footnotes":""},"categories":[16],"tags":[],"class_list":["post-129533","post","type-post","status-publish","format-standard","has-post-thumbnail","hentry","category-noticias"],"_links":{"self":[{"href":"https:\/\/tvbrazilusa.com\/pt\/wp-json\/wp\/v2\/posts\/129533","targetHints":{"allow":["GET"]}}],"collection":[{"href":"https:\/\/tvbrazilusa.com\/pt\/wp-json\/wp\/v2\/posts"}],"about":[{"href":"https:\/\/tvbrazilusa.com\/pt\/wp-json\/wp\/v2\/types\/post"}],"author":[{"embeddable":true,"href":"https:\/\/tvbrazilusa.com\/pt\/wp-json\/wp\/v2\/users\/1"}],"replies":[{"embeddable":true,"href":"https:\/\/tvbrazilusa.com\/pt\/wp-json\/wp\/v2\/comments?post=129533"}],"version-history":[{"count":1,"href":"https:\/\/tvbrazilusa.com\/pt\/wp-json\/wp\/v2\/posts\/129533\/revisions"}],"predecessor-version":[{"id":129535,"href":"https:\/\/tvbrazilusa.com\/pt\/wp-json\/wp\/v2\/posts\/129533\/revisions\/129535"}],"wp:featuredmedia":[{"embeddable":true,"href":"https:\/\/tvbrazilusa.com\/pt\/wp-json\/wp\/v2\/media\/129534"}],"wp:attachment":[{"href":"https:\/\/tvbrazilusa.com\/pt\/wp-json\/wp\/v2\/media?parent=129533"}],"wp:term":[{"taxonomy":"category","embeddable":true,"href":"https:\/\/tvbrazilusa.com\/pt\/wp-json\/wp\/v2\/categories?post=129533"},{"taxonomy":"post_tag","embeddable":true,"href":"https:\/\/tvbrazilusa.com\/pt\/wp-json\/wp\/v2\/tags?post=129533"}],"curies":[{"name":"wp","href":"https:\/\/api.w.org\/{rel}","templated":true}]}}