{"id":129544,"date":"2026-04-14T21:22:19","date_gmt":"2026-04-14T21:22:19","guid":{"rendered":"https:\/\/tvbrazilusa.com\/2026\/04\/14\/alessandro-vieira-gilmar-tem-modus-operandi-de-atuacao-politica-paulo-figueiredo\/"},"modified":"2026-04-14T21:46:20","modified_gmt":"2026-04-14T21:46:20","slug":"alessandro-vieira-gilmar-tem-modus-operandi-de-atuacao-politica-paulo-figueiredo","status":"publish","type":"post","link":"https:\/\/tvbrazilusa.com\/pt\/2026\/04\/14\/alessandro-vieira-gilmar-tem-modus-operandi-de-atuacao-politica-paulo-figueiredo\/","title":{"rendered":"Alessandro Vieira: Gilmar tem &#8220;modus operandi&#8221; de atua\u00e7\u00e3o pol\u00edtica &#8211; Paulo Figueiredo"},"content":{"rendered":"<p> <script async src=\"https:\/\/pagead2.googlesyndication.com\/pagead\/js\/adsbygoogle.js?client=ca-pub-8864793242727901\"\r\n     crossorigin=\"anonymous\"><\/script><br \/>\n<\/p>\n<div id=\"wtr-content\" data-bg=\"#FFFFFF\" data-fg=\"#006d91\" data-width=\"25\" data-mute=\"1\" data-fgopacity=\"1.00\" data-mutedopacity=\"0.5\" data-placement=\"bottom\" data-placement-offset=\"0\" data-content-offset=\"262\" data-placement-touch=\"bottom\" data-placement-offset-touch=\"0\" data-transparent=\"\" data-shadow=\"0\" data-touch=\"1\" data-non-touch=\"1\" data-comments=\"0\" data-commentsbg=\"transparent\" data-location=\"page\" data-mutedfg=\"#006d91\" data-endfg=\"#006d91\" data-rtl=\"\">\n<h4 class=\"wp-block-heading\">Relator da CPI do Crime Organizado rebate cr\u00edticas do ministro do STF<\/h4>\n<p>O relator da CPI (Comiss\u00e3o Parlamentar de Inqu\u00e9rito) do Crime Organizado,\u00a0senador Alessandro Vieira (MDB-SE), afirmou nesta ter\u00e7a-feira (14) que o ministro\u00a0Gilmar Mendes, do STF (Supremo Tribunal Federal) tem \u201cmodus operandi\u201d de atua\u00e7\u00e3o pol\u00edtica.<\/p>\n<p>A declara\u00e7\u00e3o foi uma resposta \u00e0s\u00a0cr\u00edticas feitas por Gilmar \u00e0 CPI, que deve analisar ainda hoje o relat\u00f3rio final de Vieira. O documento do senador pede o indiciamento de\u00a0tr\u00eas magistrados do Supremo:\u00a0Gilmar Mendes,\u00a0Dias Toffoli\u00a0e\u00a0Alexandre de Moraes. O procurador-geral da Rep\u00fablica,\u00a0Paulo Gonet, tamb\u00e9m pode ser indiciado.<\/p>\n<p>Gilmar\u00a0criticou os \u201cexcessos\u201d da CPI, que segundo ele podem caracterizar abuso de autoridade e devem ser apurados pela PGR. Vieira classificou a fala como\u00a0<strong>\u201ctom de amea\u00e7a\u201d<\/strong>\u00a0e relembrou\u00a0decis\u00e3o anterior de Gilmar sobre o processo de impeachment de magistrados.<\/p>\n<p>\u201cN\u00e3o \u00e9 uma a\u00e7\u00e3o isolada do ministro Gilmar. \u00c9 a reitera\u00e7\u00e3o do modus operandi, que mistura politiza\u00e7\u00e3o de decis\u00f5es t\u00e9cnicas e uso da amea\u00e7a constante atrav\u00e9s de manifesta\u00e7\u00f5es truculentas utilizando ve\u00edculos de imprensa ou redes sociais\u201d, disse Vieira.<\/p>\n<p>\u201c\u00c9 preciso lembrar que esse mesmo ministro, ministro Gilmar Mendes, anteriormente em decis\u00e3o at\u00edpica tentou e de fato interferiu na regulamenta\u00e7\u00e3o do processo de impeachment, configurando, demonstrando aquilo que aparentemente \u00e9 uma a\u00e7\u00e3o sist\u00eamica, estruturada e organizada de blindagem de integrantes da Corte\u201d, concluiu.<\/p>\n<p>Mais cedo, Gilmar escreveu nas redes sociais que a CPI n\u00e3o tem<strong>\u00a0\u201cbase legal\u201d<\/strong>\u00a0para pedir indiciamento de ministros da Suprema Corte, j\u00e1 que essa \u00e9 compet\u00eancia da pol\u00edcia e n\u00e3o se aplica a crimes de responsabilidade.<\/p>\n<p>Durante sess\u00e3o da Segunda Turma do STF, voltou a criticar a condu\u00e7\u00e3o da comiss\u00e3o, citando\u00a0\u201cvazamentos seletivos\u201d\u00a0e\u00a0\u201cnarrativas apressadas\u201d.<\/p>\n<p><strong><a href=\"https:\/\/www.cnnbrasil.com.br\/politica\/alessandro-vieira-gilmar-tem-modus-operandi-de-atuacao-politica\/\">Cr\u00e9dito CNN Brasil<\/a><\/strong><\/p>\n<\/div>\n<p><br \/>\n<br \/><a href=\"https:\/\/paulofigueiredoshow.com\/alessandro-vieira-gilmar-tem-modus-operandi-de-atuacao-politica\/\">Source link <\/a><\/p>","protected":false},"excerpt":{"rendered":"<p>Relator da CPI do Crime Organizado rebate cr\u00edticas do ministro do STF O relator da CPI (Comiss\u00e3o Parlamentar de Inqu\u00e9rito) do Crime Organizado,\u00a0senador Alessandro Vieira (MDB-SE), afirmou nesta ter\u00e7a-feira (14)&hellip;<\/p>","protected":false},"author":1,"featured_media":129196,"comment_status":"closed","ping_status":"open","sticky":false,"template":"","format":"standard","meta":{"content-type":"","footnotes":""},"categories":[16],"tags":[],"class_list":["post-129544","post","type-post","status-publish","format-standard","has-post-thumbnail","hentry","category-noticias"],"_links":{"self":[{"href":"https:\/\/tvbrazilusa.com\/pt\/wp-json\/wp\/v2\/posts\/129544","targetHints":{"allow":["GET"]}}],"collection":[{"href":"https:\/\/tvbrazilusa.com\/pt\/wp-json\/wp\/v2\/posts"}],"about":[{"href":"https:\/\/tvbrazilusa.com\/pt\/wp-json\/wp\/v2\/types\/post"}],"author":[{"embeddable":true,"href":"https:\/\/tvbrazilusa.com\/pt\/wp-json\/wp\/v2\/users\/1"}],"replies":[{"embeddable":true,"href":"https:\/\/tvbrazilusa.com\/pt\/wp-json\/wp\/v2\/comments?post=129544"}],"version-history":[{"count":1,"href":"https:\/\/tvbrazilusa.com\/pt\/wp-json\/wp\/v2\/posts\/129544\/revisions"}],"predecessor-version":[{"id":129545,"href":"https:\/\/tvbrazilusa.com\/pt\/wp-json\/wp\/v2\/posts\/129544\/revisions\/129545"}],"wp:featuredmedia":[{"embeddable":true,"href":"https:\/\/tvbrazilusa.com\/pt\/wp-json\/wp\/v2\/media\/129196"}],"wp:attachment":[{"href":"https:\/\/tvbrazilusa.com\/pt\/wp-json\/wp\/v2\/media?parent=129544"}],"wp:term":[{"taxonomy":"category","embeddable":true,"href":"https:\/\/tvbrazilusa.com\/pt\/wp-json\/wp\/v2\/categories?post=129544"},{"taxonomy":"post_tag","embeddable":true,"href":"https:\/\/tvbrazilusa.com\/pt\/wp-json\/wp\/v2\/tags?post=129544"}],"curies":[{"name":"wp","href":"https:\/\/api.w.org\/{rel}","templated":true}]}}