{"id":129546,"date":"2026-04-14T21:17:26","date_gmt":"2026-04-14T21:17:26","guid":{"rendered":"https:\/\/tvbrazilusa.com\/2026\/04\/14\/toffoli-critica-relatorio-de-cpi-e-fala-em-cassar-quem-ataca-instituicoes-paulo-figueiredo\/"},"modified":"2026-04-14T21:52:24","modified_gmt":"2026-04-14T21:52:24","slug":"toffoli-critica-relatorio-de-cpi-e-fala-em-cassar-quem-ataca-instituicoes-paulo-figueiredo","status":"publish","type":"post","link":"https:\/\/tvbrazilusa.com\/pt\/2026\/04\/14\/toffoli-critica-relatorio-de-cpi-e-fala-em-cassar-quem-ataca-instituicoes-paulo-figueiredo\/","title":{"rendered":"Toffoli critica relat\u00f3rio de CPI e fala em cassar quem ataca institui\u00e7\u00f5es &#8211; Paulo Figueiredo"},"content":{"rendered":"<p> <script async src=\"https:\/\/pagead2.googlesyndication.com\/pagead\/js\/adsbygoogle.js?client=ca-pub-8864793242727901\"\r\n     crossorigin=\"anonymous\"><\/script><br \/>\n<\/p>\n<div id=\"wtr-content\" data-bg=\"#FFFFFF\" data-fg=\"#006d91\" data-width=\"25\" data-mute=\"1\" data-fgopacity=\"1.00\" data-mutedopacity=\"0.5\" data-placement=\"bottom\" data-placement-offset=\"0\" data-content-offset=\"262\" data-placement-touch=\"bottom\" data-placement-offset-touch=\"0\" data-transparent=\"\" data-shadow=\"0\" data-touch=\"1\" data-non-touch=\"1\" data-comments=\"0\" data-commentsbg=\"transparent\" data-location=\"page\" data-mutedfg=\"#006d91\" data-endfg=\"#006d91\" data-rtl=\"\">\n<h4 class=\"wp-block-heading\">Declara\u00e7\u00e3o aconteceu durante sess\u00e3o da 2\u00aa Turma do ST<\/h4>\n<p>O ministro Dias Toffoli, do\u00a0STF (Supremo Tribunal Federal), afirmou nesta ter\u00e7a-feira (14) que o relat\u00f3rio final da\u00a0CPI do Crime Organizado\u00a0pode configurar abuso de poder com repercuss\u00f5es na esfera eleitoral, incluindo eventual inelegibilidade aos respons\u00e1veis.<\/p>\n<p>\u201cN\u00e3o podemos deixar de nos furtar a cassar eleitoralmente aqueles que abusaram, atacando as institui\u00e7\u00f5es, para obter voto e conspurcar o voto do eleitor. Porque \u00e9 disso que se trata, quando surge um relat\u00f3rio aventureiro desse. \u00c9 tentativa de obter votos\u201d, afirmou Toffoli.<\/p>\n<p>A declara\u00e7\u00e3o foi feita na abertura da sess\u00e3o da Segunda Turma. Segundo o ministro, o documento apresentado pela comiss\u00e3o \u00e9\u00a0\u201ccompletamente infundado\u201d, sem base jur\u00eddica ou respaldo em fatos, e teria como objetivo influenciar a obten\u00e7\u00e3o de votos.<\/p>\n<p>Mais cedo nesta ter\u00e7a, o senador\u00a0Alessandro Vieira\u00a0apresentou\u00a0o relat\u00f3rio final da CPI do Crime Organizado com pedidos de indiciamento\u00a0do pr\u00f3prio Toffoli, al\u00e9m dos ministros Gilmar Mendes e Alexandre de Moraes, e do procurador-geral da Rep\u00fablica, Paulo Gonet, por crimes de responsabilidade.<\/p>\n<p>Gilmar tamb\u00e9m usou a Segunda Turma para criticar a CPI.\u00a0Disse que o indiciamento de magistrados da Suprema Corte pela comiss\u00e3o \u00e9 um \u201cerro hist\u00f3rco\u201d.<\/p>\n<p>\u201cO pedido formulado pelo relator, voltado ao indiciamento de ministros do STF sem base legal, n\u00e3o \u00e9 apenas um equivoco t\u00e9cnico, trata-se de um erro hist\u00f3rico. Tenho certeza que o Tribunal vai se debru\u00e7ar sobre isso. Sobre os usos e abusos que tem sido sistematicamente perpetrados\u201d, afirmou o ministro.<\/p>\n<h4 class=\"wp-block-heading\">CPI do Crime<\/h4>\n<p>O relat\u00f3rio final de Vieira foi apresentado na manh\u00e3 desta ter\u00e7a. Segundo o senador, os pedidos de indiciamento se baseiam em condutas consideradas incompat\u00edveis com o exerc\u00edcio das fun\u00e7\u00f5es, como\u00a0suspei\u00e7\u00e3o em julgamentos, poss\u00edveis conflitos de interesse e decis\u00f5es que teriam impactado investiga\u00e7\u00f5es.<\/p>\n<p>No caso do procurador-geral, o texto aponta omiss\u00e3o diante de ind\u00edcios considerados relevantes.<\/p>\n<p>Entre os pontos abordados, o documento cita o caso Banco Master, com refer\u00eancia a\u00a0ind\u00edcios de irregularidades financeiras\u00a0e poss\u00edvel rela\u00e7\u00e3o com esquemas de lavagem de dinheiro. O tema, segundo o relator, deve ser aprofundado em investiga\u00e7\u00e3o espec\u00edfica.<\/p>\n<p><strong><a href=\"https:\/\/www.cnnbrasil.com.br\/politica\/toffoli-critica-relatorio-de-cpi-e-fala-em-cassar-quem-ataca-instituicoes\/\">Cr\u00e9dito CNN Brasil<\/a><\/strong><\/p>\n<\/div>\n<p><br \/>\n<br \/><a href=\"https:\/\/paulofigueiredoshow.com\/toffoli-critica-relatorio-de-cpi-e-fala-em-cassar-quem-ataca-instituicoes\/\">Source link <\/a><\/p>","protected":false},"excerpt":{"rendered":"<p>Declara\u00e7\u00e3o aconteceu durante sess\u00e3o da 2\u00aa Turma do ST O ministro Dias Toffoli, do\u00a0STF (Supremo Tribunal Federal), afirmou nesta ter\u00e7a-feira (14) que o relat\u00f3rio final da\u00a0CPI do Crime Organizado\u00a0pode configurar&hellip;<\/p>","protected":false},"author":1,"featured_media":129547,"comment_status":"closed","ping_status":"open","sticky":false,"template":"","format":"standard","meta":{"content-type":"","footnotes":""},"categories":[16],"tags":[],"class_list":["post-129546","post","type-post","status-publish","format-standard","has-post-thumbnail","hentry","category-noticias"],"_links":{"self":[{"href":"https:\/\/tvbrazilusa.com\/pt\/wp-json\/wp\/v2\/posts\/129546","targetHints":{"allow":["GET"]}}],"collection":[{"href":"https:\/\/tvbrazilusa.com\/pt\/wp-json\/wp\/v2\/posts"}],"about":[{"href":"https:\/\/tvbrazilusa.com\/pt\/wp-json\/wp\/v2\/types\/post"}],"author":[{"embeddable":true,"href":"https:\/\/tvbrazilusa.com\/pt\/wp-json\/wp\/v2\/users\/1"}],"replies":[{"embeddable":true,"href":"https:\/\/tvbrazilusa.com\/pt\/wp-json\/wp\/v2\/comments?post=129546"}],"version-history":[{"count":1,"href":"https:\/\/tvbrazilusa.com\/pt\/wp-json\/wp\/v2\/posts\/129546\/revisions"}],"predecessor-version":[{"id":129548,"href":"https:\/\/tvbrazilusa.com\/pt\/wp-json\/wp\/v2\/posts\/129546\/revisions\/129548"}],"wp:featuredmedia":[{"embeddable":true,"href":"https:\/\/tvbrazilusa.com\/pt\/wp-json\/wp\/v2\/media\/129547"}],"wp:attachment":[{"href":"https:\/\/tvbrazilusa.com\/pt\/wp-json\/wp\/v2\/media?parent=129546"}],"wp:term":[{"taxonomy":"category","embeddable":true,"href":"https:\/\/tvbrazilusa.com\/pt\/wp-json\/wp\/v2\/categories?post=129546"},{"taxonomy":"post_tag","embeddable":true,"href":"https:\/\/tvbrazilusa.com\/pt\/wp-json\/wp\/v2\/tags?post=129546"}],"curies":[{"name":"wp","href":"https:\/\/api.w.org\/{rel}","templated":true}]}}