{"id":129569,"date":"2026-04-15T15:47:00","date_gmt":"2026-04-15T15:47:00","guid":{"rendered":"https:\/\/tvbrazilusa.com\/2026\/04\/15\/governo-lula-pede-que-brasileiro-denuncie-posto-que-cobra-mais-por-combustivel\/"},"modified":"2026-04-15T16:08:46","modified_gmt":"2026-04-15T16:08:46","slug":"governo-lula-pede-que-brasileiro-denuncie-posto-que-cobra-mais-por-combustivel","status":"publish","type":"post","link":"https:\/\/tvbrazilusa.com\/pt\/2026\/04\/15\/governo-lula-pede-que-brasileiro-denuncie-posto-que-cobra-mais-por-combustivel\/","title":{"rendered":"Governo Lula pede que brasileiro \u201cdenuncie\u201d posto que cobra mais por combust\u00edvel"},"content":{"rendered":"<p> <script async src=\"https:\/\/pagead2.googlesyndication.com\/pagead\/js\/adsbygoogle.js?client=ca-pub-8864793242727901\"\r\n     crossorigin=\"anonymous\"><\/script><br \/>\n<\/p>\n<div id=\"cd-article-content\">\n<p>O <strong><a href=\"https:\/\/claudiodantas.com.br\/tag\/governo-lula\/\" data-type=\"post_tag\" data-id=\"170\">governo Lula (PT)<\/a> <\/strong>lan\u00e7ou uma campanha publicit\u00e1ria pedindo que os <strong><a href=\"https:\/\/claudiodantas.com.br\/tag\/brasileiros\/\" data-type=\"post_tag\" data-id=\"5529\">brasileiros<\/a><\/strong> \u201cdenunciem\u201d <strong><a href=\"https:\/\/pt.wikipedia.org\/wiki\/Posto_de_abastecimento\" target=\"_blank\" rel=\"noopener\">postos de combust\u00edveis<\/a><\/strong> que pratiquem <strong><a href=\"https:\/\/claudiodantas.com.br\/tag\/precos-abusivos\/\" data-type=\"post_tag\" data-id=\"14843\">\u201cpre\u00e7os abusivos\u201d<\/a><\/strong>. A pe\u00e7a foi veiculada na TV nos \u00faltimos dois dias e tamb\u00e9m circula em canais oficiais nas redes sociais.<\/p>\n<p><a href=\"https:\/\/whatsapp.com\/channel\/0029VaTFkH2HVvTbkE883x1x\" target=\"_blank\" class=\"whatsapp-channel-message\" rel=\"noopener\">\u2705 Siga o canal do Claudio Dantas no WhatsApp<\/a><\/p>\n<p>No v\u00eddeo, o narrador afirma que \u201co Brasil agiu\u201d para conter os efeitos da guerra no Oriente M\u00e9dio e orienta a popula\u00e7\u00e3o a comunicar irregularidades. A campanha divulga um telefone para registro de den\u00fancias contra estabelecimentos que elevarem pre\u00e7os indevidamente.<\/p>\n<div class=\"wp-block-image\">\n<figure class=\"aligncenter size-large\"><figcaption class=\"wp-element-caption\"><strong>Foto: Reprodu\u00e7\u00e3o\/YouTube<\/strong><\/figcaption><\/figure>\n<\/div>\n<p>A pe\u00e7a sustenta que \u201ca guerra no Oriente M\u00e9dio fez o pre\u00e7o dos combust\u00edveis subir no mundo todo\u201d e afirma que o governo adotou medidas \u201cpara proteger o bolso das fam\u00edlias brasileiras\u201d.<\/p>\n<p>A iniciativa ocorre ap\u00f3s an\u00fancio de novas a\u00e7\u00f5es do governo petista para tentar reduzir o impacto da crise internacional nos pre\u00e7os dos combust\u00edveis e do g\u00e1s de cozinha. Entre as medidas, est\u00e1 um decreto que exige maior transpar\u00eancia das importadoras, com o objetivo de garantir que a redu\u00e7\u00e3o de custos seja repassada ao consumidor.<\/p>\n<h3 class=\"wp-block-heading\"><strong>ASSISTA<\/strong>:<\/h3>\n<figure class=\"wp-block-embed aligncenter is-type-video is-provider-youtube wp-block-embed-youtube wp-embed-aspect-16-9 wp-has-aspect-ratio\">\n<p>\n<iframe title=\"O pre\u00e7o dos combust\u00edveis subiu no mundo, e o Brasil agiu\" width=\"1170\" height=\"658\" src=\"https:\/\/www.youtube.com\/embed\/LIRv_RAfKcQ?feature=oembed\" frameborder=\"0\" allow=\"accelerometer; autoplay; clipboard-write; encrypted-media; gyroscope; picture-in-picture; web-share\" referrerpolicy=\"strict-origin-when-cross-origin\" allowfullscreen><\/iframe>\n<\/p>\n<\/figure>\n<\/div>\n<p><script type=\"cd70f729ad1c8297584eea29-text\/javascript\">!function(f,b,e,v,n,t,s){if(f.fbq)return;n=f.fbq=function(){n.callMethod?n.callMethod.apply(n,arguments):n.queue.push(arguments)};if(!f._fbq)f._fbq=n;n.push=n;n.loaded=!0;n.version='2.0';n.queue=[];t=b.createElement(e);t.async=!0;t.src=v;s=b.getElementsByTagName(e)[0];s.parentNode.insertBefore(t,s)}(window,document,'script','https:\/\/connect.facebook.net\/en_US\/fbevents.js');fbq('init','1423865622537930');fbq('track','PageView');<\/script><br \/>\n<br \/><br \/>\n<br \/><a href=\"https:\/\/claudiodantas.com.br\/governo-lula-brasileiro-denuncie-posto\/\">Source link <\/a><\/p>","protected":false},"excerpt":{"rendered":"<p>O governo Lula (PT) lan\u00e7ou uma campanha publicit\u00e1ria pedindo que os brasileiros \u201cdenunciem\u201d postos de combust\u00edveis que pratiquem \u201cpre\u00e7os abusivos\u201d. A pe\u00e7a foi veiculada na TV nos \u00faltimos dois dias&hellip;<\/p>","protected":false},"author":1,"featured_media":129570,"comment_status":"closed","ping_status":"open","sticky":false,"template":"","format":"standard","meta":{"content-type":"","footnotes":""},"categories":[16],"tags":[],"class_list":["post-129569","post","type-post","status-publish","format-standard","has-post-thumbnail","hentry","category-noticias"],"_links":{"self":[{"href":"https:\/\/tvbrazilusa.com\/pt\/wp-json\/wp\/v2\/posts\/129569","targetHints":{"allow":["GET"]}}],"collection":[{"href":"https:\/\/tvbrazilusa.com\/pt\/wp-json\/wp\/v2\/posts"}],"about":[{"href":"https:\/\/tvbrazilusa.com\/pt\/wp-json\/wp\/v2\/types\/post"}],"author":[{"embeddable":true,"href":"https:\/\/tvbrazilusa.com\/pt\/wp-json\/wp\/v2\/users\/1"}],"replies":[{"embeddable":true,"href":"https:\/\/tvbrazilusa.com\/pt\/wp-json\/wp\/v2\/comments?post=129569"}],"version-history":[{"count":1,"href":"https:\/\/tvbrazilusa.com\/pt\/wp-json\/wp\/v2\/posts\/129569\/revisions"}],"predecessor-version":[{"id":129571,"href":"https:\/\/tvbrazilusa.com\/pt\/wp-json\/wp\/v2\/posts\/129569\/revisions\/129571"}],"wp:featuredmedia":[{"embeddable":true,"href":"https:\/\/tvbrazilusa.com\/pt\/wp-json\/wp\/v2\/media\/129570"}],"wp:attachment":[{"href":"https:\/\/tvbrazilusa.com\/pt\/wp-json\/wp\/v2\/media?parent=129569"}],"wp:term":[{"taxonomy":"category","embeddable":true,"href":"https:\/\/tvbrazilusa.com\/pt\/wp-json\/wp\/v2\/categories?post=129569"},{"taxonomy":"post_tag","embeddable":true,"href":"https:\/\/tvbrazilusa.com\/pt\/wp-json\/wp\/v2\/tags?post=129569"}],"curies":[{"name":"wp","href":"https:\/\/api.w.org\/{rel}","templated":true}]}}