{"id":129575,"date":"2026-04-15T19:33:34","date_gmt":"2026-04-15T19:33:34","guid":{"rendered":"https:\/\/tvbrazilusa.com\/2026\/04\/15\/carlos-depois-de-visita-a-bolsonaro-o-bicho-e-bruto-demais-paulo-figueiredo\/"},"modified":"2026-04-15T19:36:39","modified_gmt":"2026-04-15T19:36:39","slug":"carlos-depois-de-visita-a-bolsonaro-o-bicho-e-bruto-demais-paulo-figueiredo","status":"publish","type":"post","link":"https:\/\/tvbrazilusa.com\/pt\/2026\/04\/15\/carlos-depois-de-visita-a-bolsonaro-o-bicho-e-bruto-demais-paulo-figueiredo\/","title":{"rendered":"Carlos, depois de visita a Bolsonaro: &#8220;O bicho \u00e9 bruto demais&#8221; &#8211; Paulo Figueiredo"},"content":{"rendered":"<p> <script async src=\"https:\/\/pagead2.googlesyndication.com\/pagead\/js\/adsbygoogle.js?client=ca-pub-8864793242727901\"\r\n     crossorigin=\"anonymous\"><\/script><br \/>\n<\/p>\n<div id=\"wtr-content\" data-bg=\"#FFFFFF\" data-fg=\"#006d91\" data-width=\"25\" data-mute=\"1\" data-fgopacity=\"1.00\" data-mutedopacity=\"0.5\" data-placement=\"bottom\" data-placement-offset=\"0\" data-content-offset=\"262\" data-placement-touch=\"bottom\" data-placement-offset-touch=\"0\" data-transparent=\"\" data-shadow=\"0\" data-touch=\"1\" data-non-touch=\"1\" data-comments=\"0\" data-commentsbg=\"transparent\" data-location=\"page\" data-mutedfg=\"#006d91\" data-endfg=\"#006d91\" data-rtl=\"\">\n<h4 class=\"wp-block-heading\">Ex-vereador afirma melhora no quadro geral e menciona poss\u00edvel procedimento no ombro<\/h4>\n<p>O ex-vereador Carlos Bolsonaro (PL) usou as redes sociais para relatar uma nova visita ao pai, Jair Bolsonaro. Segundo a publica\u00e7\u00e3o desta quarta-feira, 15, os solu\u00e7os diminu\u00edram, assim como o uso de medicamentos, e o ex-presidente\u00a0se encontra \u201cmais forte\u201d.<\/p>\n<p>De acordo com o relato, Bolsonaro apresentou melhora no quadro geral, mas registra \u201cperda significativa de massa muscular\u201d. \u201cAinda assim, sua for\u00e7a e lucidez permanecem inacreditavelmente positivas\u201d, acrescentou Carlos.\u00a0<\/p>\n<p>\u201cConversamos bastante, como sempre, sobre futebol, pol\u00edtica e nosso dia a dia\u201d, escreveu. \u201cEsses momentos, mesmo que breves, me enchem de alegria. Ele me relatou que provavelmente passar\u00e1 por mais uma cirurgia, desta vez no ombro, em decorr\u00eancia da queda sofrida nas depend\u00eancias da Pol\u00edcia Federal. Aquela mesma que s\u00f3 foi autorizada sua ida ao hospital ap\u00f3s mais de 24 horas, quando ent\u00e3o foi constatado um traumatismo craniano leve.\u201d\u00a0<\/p>\n<p>O ex-vereador tamb\u00e9m criticou a medida imposta pelo ministro\u00a0Alexandre de Moraes, do\u00a0Supremo Tribunal Federal (STF), que fixou regras para as visitas. Ao conceder pris\u00e3o domiciliar, o magistrado autorizou encontros duas vezes por semana, com dura\u00e7\u00e3o de at\u00e9 duas horas cada um.<\/p>\n<p>\u201cCumpri o protocolo inventado por Alexandre de Moraes, permanecendo pelas duas horas autorizadas, encontrando meu pai mais forte\u201d, disse. \u201cMesmo sendo um preso pol\u00edtico, condenado sem ter desviado um centavo dos cofres p\u00fablicos, passando por um processo sofrendo todas as ilegalidades poss\u00edveis para cumprirem mais uma miss\u00e3o dada, assino novamente: o Bicho \u00e9 Bruto Demais!\u201d<\/p>\n<blockquote class=\"wp-block-quote is-layout-flow wp-block-quote-is-layout-flow\">\n<blockquote class=\"wp-block-quote is-layout-flow wp-block-quote-is-layout-flow\">\n<p>Hoje estive com o Presidente\u00a0@jairbolsonaro\u00a0, ap\u00f3s mais de uma semana sem v\u00ea-lo. Cumpri o protocolo inventado por Alexandre de Moraes, permanecendo pelas duas horas autorizadas, encontrando meu Pai mais forte. Os solu\u00e7os diminu\u00edram, a quantidade de medicamentos tamb\u00e9m, e ele est\u00e1\u2026\u00a0pic.twitter.com\/Oob87e3CPw\u2014 Carlos Bolsonaro (@CarlosBolsonaro)\u00a0April 15, 2026<\/p>\n<\/blockquote>\n<\/blockquote>\n<p>Conforme o relato, o ex-presidente pediu ao filho que transmitisse uma mensagem ao p\u00fablico. Nesse sentido, orientou seus apoiadores a permanecerem \u201cfirmes e confiantes\u201d.<\/p>\n<h4 class=\"wp-block-heading\" id=\"h-defesa-pede-ampliacao-de-visitas-a-bolsonaro-nbsp\"><strong>Defesa pede amplia\u00e7\u00e3o de visitas a Bolsonaro\u00a0<\/strong><\/h4>\n<p>Na segunda-feira 13, a defesa de Bolsonaro refor\u00e7ou um pedido para receber visitas de Carlos Eduardo Antunes Torres, irm\u00e3o da ex-primeira-dama Michelle Bolsonaro. A manifesta\u00e7\u00e3o foi enviada ao STF.\u00a0<\/p>\n<p>A ideia \u00e9 que Carlos Eduardo possa ajudar Michelle nos cuidados com o ex-presidente. Segundo a defesa, a visita do cunhado ser\u00e1 fundamental principalmente quando a ex-primeira-dama estiver ausente.\u00a0<\/p>\n<p>Bolsonaro cumpre pris\u00e3o domiciliar tempor\u00e1ria, por 90 dias, desde o fim de mar\u00e7o de 2026, depois de autoriza\u00e7\u00e3o de Moraes.\u00a0<\/p>\n<p><strong><a href=\"https:\/\/revistaoeste.com\/politica\/carlos-depois-de-visita-a-bolsonaro-o-bicho-e-bruto-demais\/\">Cr\u00e9dito Revista Oeste<\/a><\/strong><\/p>\n<\/div>\n<p><script async src=\"\/\/platform.twitter.com\/widgets.js\" charset=\"utf-8\"><\/script><br \/>\n<br \/><br \/>\n<br \/><a href=\"https:\/\/paulofigueiredoshow.com\/carlos-depois-de-visita-a-bolsonaro-o-bicho-e-bruto-demais\/\">Source link <\/a><\/p>","protected":false},"excerpt":{"rendered":"<p>Ex-vereador afirma melhora no quadro geral e menciona poss\u00edvel procedimento no ombro O ex-vereador Carlos Bolsonaro (PL) usou as redes sociais para relatar uma nova visita ao pai, Jair Bolsonaro.&hellip;<\/p>","protected":false},"author":1,"featured_media":128937,"comment_status":"closed","ping_status":"open","sticky":false,"template":"","format":"standard","meta":{"content-type":"","footnotes":""},"categories":[16],"tags":[],"class_list":["post-129575","post","type-post","status-publish","format-standard","has-post-thumbnail","hentry","category-noticias"],"_links":{"self":[{"href":"https:\/\/tvbrazilusa.com\/pt\/wp-json\/wp\/v2\/posts\/129575","targetHints":{"allow":["GET"]}}],"collection":[{"href":"https:\/\/tvbrazilusa.com\/pt\/wp-json\/wp\/v2\/posts"}],"about":[{"href":"https:\/\/tvbrazilusa.com\/pt\/wp-json\/wp\/v2\/types\/post"}],"author":[{"embeddable":true,"href":"https:\/\/tvbrazilusa.com\/pt\/wp-json\/wp\/v2\/users\/1"}],"replies":[{"embeddable":true,"href":"https:\/\/tvbrazilusa.com\/pt\/wp-json\/wp\/v2\/comments?post=129575"}],"version-history":[{"count":1,"href":"https:\/\/tvbrazilusa.com\/pt\/wp-json\/wp\/v2\/posts\/129575\/revisions"}],"predecessor-version":[{"id":129576,"href":"https:\/\/tvbrazilusa.com\/pt\/wp-json\/wp\/v2\/posts\/129575\/revisions\/129576"}],"wp:featuredmedia":[{"embeddable":true,"href":"https:\/\/tvbrazilusa.com\/pt\/wp-json\/wp\/v2\/media\/128937"}],"wp:attachment":[{"href":"https:\/\/tvbrazilusa.com\/pt\/wp-json\/wp\/v2\/media?parent=129575"}],"wp:term":[{"taxonomy":"category","embeddable":true,"href":"https:\/\/tvbrazilusa.com\/pt\/wp-json\/wp\/v2\/categories?post=129575"},{"taxonomy":"post_tag","embeddable":true,"href":"https:\/\/tvbrazilusa.com\/pt\/wp-json\/wp\/v2\/tags?post=129575"}],"curies":[{"name":"wp","href":"https:\/\/api.w.org\/{rel}","templated":true}]}}