{"id":129583,"date":"2026-04-15T19:53:57","date_gmt":"2026-04-15T19:53:57","guid":{"rendered":"https:\/\/tvbrazilusa.com\/2026\/04\/15\/abril-vermelho-mst-invade-fazendas-e-predios-publicos-em-5-estados-paulo-figueiredo\/"},"modified":"2026-04-15T19:55:44","modified_gmt":"2026-04-15T19:55:44","slug":"abril-vermelho-mst-invade-fazendas-e-predios-publicos-em-5-estados-paulo-figueiredo","status":"publish","type":"post","link":"https:\/\/tvbrazilusa.com\/pt\/2026\/04\/15\/abril-vermelho-mst-invade-fazendas-e-predios-publicos-em-5-estados-paulo-figueiredo\/","title":{"rendered":"&#8220;Abril Vermelho&#8221;: MST invade fazendas e pr\u00e9dios p\u00fablicos em 5 Estados &#8211; Paulo Figueiredo"},"content":{"rendered":"<p> <script async src=\"https:\/\/pagead2.googlesyndication.com\/pagead\/js\/adsbygoogle.js?client=ca-pub-8864793242727901\"\r\n     crossorigin=\"anonymous\"><\/script><br \/>\n<\/p>\n<div id=\"wtr-content\" data-bg=\"#FFFFFF\" data-fg=\"#006d91\" data-width=\"25\" data-mute=\"1\" data-fgopacity=\"1.00\" data-mutedopacity=\"0.5\" data-placement=\"bottom\" data-placement-offset=\"0\" data-content-offset=\"262\" data-placement-touch=\"bottom\" data-placement-offset-touch=\"0\" data-transparent=\"\" data-shadow=\"0\" data-touch=\"1\" data-non-touch=\"1\" data-comments=\"0\" data-commentsbg=\"transparent\" data-location=\"page\" data-mutedfg=\"#006d91\" data-endfg=\"#006d91\" data-rtl=\"\">\n<h4 class=\"wp-block-heading\">Jornada de invas\u00f5es ao redor do pa\u00eds come\u00e7ou na \u00faltima segunda-feira, 13, e vai at\u00e9 o fim da semana<\/h4>\n<p>O\u00a0Movimento dos Trabalhadores Rurais Sem Terra\u00a0(MST) promove nesta semana, uma s\u00e9rie de invas\u00f5es de terras e pr\u00e9dios p\u00fablicos em diferentes regi\u00f5es do pa\u00eds como parte da chamada Jornada Nacional de Lutas em Defesa da Reforma Agr\u00e1ria, o\u00a0\u201cAbril Vermelho\u201d. As a\u00e7\u00f5es come\u00e7aram na \u00faltima segunda-feira, 13, e v\u00e3o at\u00e9 a pr\u00f3xima sexta-feira, 17.<\/p>\n<p>Na madrugada desta quarta-feira, 15, cerca de 500 militantes invadiram a Fazenda C\u00f3rrego, em Madalena, no sert\u00e3o central do Cear\u00e1. Segundo o MST, a propriedade tem mais de 300 hectares considerados improdutivos. O grupo cobra a desapropria\u00e7\u00e3o da \u00e1rea para a constru\u00e7\u00e3o de moradias por meio do programa Minha Casa, Minha Vida.<\/p>\n<p>Ainda no Estado, o movimento tamb\u00e9m pressiona pela destina\u00e7\u00e3o da Fazenda Teot\u00f4nio, com mais de 11 mil hectares, que est\u00e1 em an\u00e1lise no Instituto Nacional de Coloniza\u00e7\u00e3o e Reforma Agr\u00e1ria (Incra) desde 2024. O terreno poderia, segundo o MST, beneficiar cerca de 500 fam\u00edlias.<\/p>\n<p>No interior de S\u00e3o Paulo, aproximadamente 200 militantes invadiram a sede da Procuradoria do Estado em Presidente Prudente, no Pontal do Paranapanema. A a\u00e7\u00e3o busca pressionar o\u00a0governo estadual\u00a0a acelerar processos de destina\u00e7\u00e3o de terras p\u00fablicas para reforma agr\u00e1ria.<\/p>\n<p>Al\u00e9m da press\u00e3o por terra, o movimento critica a Lei n\u00ba 17.557\/2022, sancionada pelo governador Tarc\u00edsio de Freitas, que trata da regulariza\u00e7\u00e3o fundi\u00e1ria e, segundo o MST, beneficia grandes propriet\u00e1rios.<\/p>\n<p>Em Alagoas, cerca de 400 integrantes invadiram a superintend\u00eancia regional do Incra em Macei\u00f3. O grupo montou acampamento dentro do pr\u00e9dio e afirma que permanecer\u00e1 no local at\u00e9 que haja avan\u00e7o nas demandas por infraestrutura e regulariza\u00e7\u00e3o de assentamentos.<\/p>\n<p>O MST tamb\u00e9m invadiu a superintend\u00eancia do Incra no centro do Rio de Janeiro. O movimento afirma que a a\u00e7\u00e3o tem como objetivo pressionar por terra e pol\u00edticas p\u00fablicas para 376 fam\u00edlias do Acampamento 15 de Abril, em Campos dos Goytacazes.<\/p>\n<p>J\u00e1 no norte do Tocantins, fam\u00edlias ligadas ao MST invadiram, nesta ter\u00e7a-feira, 14, uma \u00e1rea p\u00fablica de 986 hectares no munic\u00edpio de S\u00e3o Sebasti\u00e3o do Tocantins. O local j\u00e1 havia sido destinado \u00e0 reforma agr\u00e1ria por portaria publicada em mar\u00e7o, mas, segundo o movimento, permanecia sem assentamentos efetivos e sob risco de especula\u00e7\u00e3o fundi\u00e1ria.<\/p>\n<h4 class=\"wp-block-heading\" id=\"h-mst-faz-manifestacoes-publicas-e-invasoes-durante-abril-vermelho\">MST faz manifesta\u00e7\u00f5es p\u00fablicas e invas\u00f5es durante \u201cAbril Vermelho\u201d<\/h4>\n<p>A mobiliza\u00e7\u00e3o nacional marca os 30 anos do massacre de Eldorado dos Caraj\u00e1s, quando 21 integrantes do MST foram mortos no Par\u00e1. O movimento afirma que o objetivo \u00e9 denunciar a impunidade no caso e cobrar avan\u00e7os na pol\u00edtica de reforma agr\u00e1ria no pa\u00eds.<\/p>\n<p>Al\u00e9m das invas\u00f5es, o \u201cAbril Vermelho\u201d inclui marchas, vig\u00edlias e atos simb\u00f3licos em diferentes regi\u00f5es, reunindo militantes de 24 Estados.<\/p>\n<p><strong><a href=\"https:\/\/revistaoeste.com\/politica\/abril-vermelho-mst-invade-fazendas-e-predios-publicos-em-5-estados\/\">Cr\u00e9dito Revista Oeste<\/a><\/strong><\/p>\n<\/div>\n<p><br \/>\n<br \/><a href=\"https:\/\/paulofigueiredoshow.com\/abril-vermelho-mst-invade-fazendas-e-predios-publicos-em-5-estados\/\">Source link <\/a><\/p>","protected":false},"excerpt":{"rendered":"<p>Jornada de invas\u00f5es ao redor do pa\u00eds come\u00e7ou na \u00faltima segunda-feira, 13, e vai at\u00e9 o fim da semana O\u00a0Movimento dos Trabalhadores Rurais Sem Terra\u00a0(MST) promove nesta semana, uma s\u00e9rie&hellip;<\/p>","protected":false},"author":1,"featured_media":129584,"comment_status":"closed","ping_status":"open","sticky":false,"template":"","format":"standard","meta":{"content-type":"","footnotes":""},"categories":[16],"tags":[],"class_list":["post-129583","post","type-post","status-publish","format-standard","has-post-thumbnail","hentry","category-noticias"],"_links":{"self":[{"href":"https:\/\/tvbrazilusa.com\/pt\/wp-json\/wp\/v2\/posts\/129583","targetHints":{"allow":["GET"]}}],"collection":[{"href":"https:\/\/tvbrazilusa.com\/pt\/wp-json\/wp\/v2\/posts"}],"about":[{"href":"https:\/\/tvbrazilusa.com\/pt\/wp-json\/wp\/v2\/types\/post"}],"author":[{"embeddable":true,"href":"https:\/\/tvbrazilusa.com\/pt\/wp-json\/wp\/v2\/users\/1"}],"replies":[{"embeddable":true,"href":"https:\/\/tvbrazilusa.com\/pt\/wp-json\/wp\/v2\/comments?post=129583"}],"version-history":[{"count":1,"href":"https:\/\/tvbrazilusa.com\/pt\/wp-json\/wp\/v2\/posts\/129583\/revisions"}],"predecessor-version":[{"id":129585,"href":"https:\/\/tvbrazilusa.com\/pt\/wp-json\/wp\/v2\/posts\/129583\/revisions\/129585"}],"wp:featuredmedia":[{"embeddable":true,"href":"https:\/\/tvbrazilusa.com\/pt\/wp-json\/wp\/v2\/media\/129584"}],"wp:attachment":[{"href":"https:\/\/tvbrazilusa.com\/pt\/wp-json\/wp\/v2\/media?parent=129583"}],"wp:term":[{"taxonomy":"category","embeddable":true,"href":"https:\/\/tvbrazilusa.com\/pt\/wp-json\/wp\/v2\/categories?post=129583"},{"taxonomy":"post_tag","embeddable":true,"href":"https:\/\/tvbrazilusa.com\/pt\/wp-json\/wp\/v2\/tags?post=129583"}],"curies":[{"name":"wp","href":"https:\/\/api.w.org\/{rel}","templated":true}]}}