{"id":129586,"date":"2026-04-15T19:57:29","date_gmt":"2026-04-15T19:57:29","guid":{"rendered":"https:\/\/tvbrazilusa.com\/2026\/04\/15\/associacao-critica-instauracao-de-inquerito-contra-flavio-paulo-figueiredo\/"},"modified":"2026-04-15T20:01:40","modified_gmt":"2026-04-15T20:01:40","slug":"associacao-critica-instauracao-de-inquerito-contra-flavio-paulo-figueiredo","status":"publish","type":"post","link":"https:\/\/tvbrazilusa.com\/pt\/2026\/04\/15\/associacao-critica-instauracao-de-inquerito-contra-flavio-paulo-figueiredo\/","title":{"rendered":"Associa\u00e7\u00e3o critica instaura\u00e7\u00e3o de inqu\u00e9rito contra Fl\u00e1vio &#8211; Paulo Figueiredo"},"content":{"rendered":"<p> <script async src=\"https:\/\/pagead2.googlesyndication.com\/pagead\/js\/adsbygoogle.js?client=ca-pub-8864793242727901\"\r\n     crossorigin=\"anonymous\"><\/script><br \/>\n<\/p>\n<div id=\"wtr-content\" data-bg=\"#FFFFFF\" data-fg=\"#006d91\" data-width=\"25\" data-mute=\"1\" data-fgopacity=\"1.00\" data-mutedopacity=\"0.5\" data-placement=\"bottom\" data-placement-offset=\"0\" data-content-offset=\"262\" data-placement-touch=\"bottom\" data-placement-offset-touch=\"0\" data-transparent=\"\" data-shadow=\"0\" data-touch=\"1\" data-non-touch=\"1\" data-comments=\"0\" data-commentsbg=\"transparent\" data-location=\"page\" data-mutedfg=\"#006d91\" data-endfg=\"#006d91\" data-rtl=\"\">\n<h4 class=\"wp-block-heading\">Lexum afirma que decis\u00e3o de Moraes ignora imunidade parlamentar e p\u00f5e em risco liberdade de cr\u00edtica pol\u00edtica em ano eleitoral<\/h4>\n<p>A associa\u00e7\u00e3o Lexum divulgou, nesta quarta-feira, 15, uma nota p\u00fablica em que critica a\u00a0abertura de um inqu\u00e9rito contra o senador Fl\u00e1vio Bolsonaro\u00a0(PL-RJ). A entidade apontou falhas jur\u00eddicas na decis\u00e3o do ministro do\u00a0Supremo Tribunal Federal\u00a0Alexandre de Moraes e alertou para impactos no debate pol\u00edtico e na liberdade de express\u00e3o.<\/p>\n<p>Segundo a associa\u00e7\u00e3o de juristas, o caso levanta preocupa\u00e7\u00f5es quanto aos limites da jurisdi\u00e7\u00e3o penal em mat\u00e9ria de discurso pol\u00edtico. O despacho de Moraes apresenta falhas estruturais e n\u00e3o enfrenta pontos centrais exigidos pela Constitui\u00e7\u00e3o e pela legisla\u00e7\u00e3o penal<\/p>\n<p>\u201cO que se fez foi reproduzir a caracteriza\u00e7\u00e3o da Pol\u00edcia Federal e, em seguida, incorporar o parecer da PGR, que somou ao mesmo racioc\u00ednio o r\u00f3tulo de \u2018falsamente\u2019\u201d, diz o texto. \u201cO ministro relator n\u00e3o examina, em nenhum momento, se a publica\u00e7\u00e3o do senador satisfaz, sequer em tese, os requisitos t\u00edpicos.\u201d<\/p>\n<p>A Lexum sustenta que a decis\u00e3o deixa de analisar a imunidade parlamentar, prevista no artigo 53 da Constitui\u00e7\u00e3o. \u201cO texto constitucional \u00e9 claro e a imunidade \u00e9 expressa; passar por cima dela sem argumento n\u00e3o \u00e9 interpreta\u00e7\u00e3o.\u201d Para a entidade, tamb\u00e9m n\u00e3o houve avalia\u00e7\u00e3o do nexo entre a manifesta\u00e7\u00e3o e o exerc\u00edcio do mandato.<\/p>\n<p>No campo penal, a associa\u00e7\u00e3o afirma que n\u00e3o foram examinados os elementos do crime de cal\u00fania. \u201cPara que haja cal\u00fania, a imputa\u00e7\u00e3o precisa ser de fato determinado \u2014 concretamente especificado \u2014 e precisa ser falsa com ci\u00eancia da falsidade pelo agente\u201d, argumenta. \u201cNenhum desses elementos foi analisado na decis\u00e3o.\u201d<\/p>\n<h4 class=\"wp-block-heading\" id=\"h-moraes-usou-tipificacao-criminal-erradamente-contra-flavio\">Moraes usou tipifica\u00e7\u00e3o criminal erradamente contra Fl\u00e1vio<\/h4>\n<p>A nota critica tamb\u00e9m o contexto da manifesta\u00e7\u00e3o que motivou o inqu\u00e9rito, uma publica\u00e7\u00e3o em rede social. \u201cUma declara\u00e7\u00e3o no futuro do indicativo, sobre mat\u00e9ria objeto de disputa pol\u00edtica intensa e de investiga\u00e7\u00f5es em curso, n\u00e3o satisfaz o requisito da imputa\u00e7\u00e3o de fato determinado como verdadeiro\u201d, afirma.<\/p>\n<blockquote class=\"wp-block-quote is-layout-flow wp-block-quote-is-layout-flow\">\n<blockquote class=\"wp-block-quote is-layout-flow wp-block-quote-is-layout-flow\">\n<p>A Lexum divulga Nota P\u00fablica sobre a PET 15.648\/DF, que trata de discurso pol\u00edtico, imunidade parlamentar e os pressupostos da jurisdi\u00e7\u00e3o penal.<\/p>\n<p>Sem conota\u00e7\u00e3o partid\u00e1ria, a an\u00e1lise parte de um compromisso institucional: defender o funcionamento regular das institui\u00e7\u00f5es,\u2026\u00a0pic.twitter.com\/Acsj57YHoO\u2014 Lexum (@lexum_official)\u00a0April 15, 2026<\/p>\n<\/blockquote>\n<\/blockquote>\n<p>A associa\u00e7\u00e3o avalia que confundir um\u00a0<em>post\u00a0<\/em>de rede social com o tipo penal da cal\u00fania \u201cn\u00e3o \u00e9 um equ\u00edvoco t\u00e9cnico menor\u201d.<\/p>\n<p>O texto alerta que \u201cavan\u00e7ar sobre o discurso pol\u00edtico de um parlamentar oposicionista sem examinar os elementos constitutivos do tipo penal invocado, sem enfrentar a imunidade parlamentar [<em>\u2026<\/em>] revela um padr\u00e3o que n\u00e3o \u00e9 compat\u00edvel com o exerc\u00edcio da jurisdi\u00e7\u00e3o criminal num Estado Democr\u00e1tico de Direito.\u201d<\/p>\n<p>Outro ponto levantado \u00e9 a atua\u00e7\u00e3o do relator, Alexandre de Moraes. A Lexum afirma haver \u201cproblema estrutural\u201d na condu\u00e7\u00e3o do caso e cita o princ\u00edpio de que \u201cnenhum homem pode ser juiz em causa pr\u00f3pria\u201d.<\/p>\n<blockquote class=\"wp-block-quote is-layout-flow wp-block-quote-is-layout-flow\">\n<p>\u201cA abertura de um inqu\u00e9rito penal contra um parlamentar por uma publica\u00e7\u00e3o cr\u00edtica ao presidente, sem an\u00e1lise dos elementos t\u00edpicos e sem enfrentamento da imunidade, produz exatamente o tipo de sinaliza\u00e7\u00e3o que corr\u00f3i o discurso pol\u00edtico livre\u201d, diz a entidade. \u201cEsse efeito tem um nome preciso: efeito de silenciamento.\u201d<\/p>\n<\/blockquote>\n<p>A Lexum ainda aponta o que chama de assimetria na aplica\u00e7\u00e3o de crit\u00e9rios. Ao citar declara\u00e7\u00e3o recente do presidente Luiz In\u00e1cio Lula da Silva sobre advers\u00e1rios, a entidade afirma que, \u201cse a publica\u00e7\u00e3o do senador pode, nos termos desta decis\u00e3o, ser investigada como cal\u00fania, a declara\u00e7\u00e3o do presidente demandaria, pela mesma l\u00f3gica, tratamento id\u00eantico\u201d.<\/p>\n<p>Para a associa\u00e7\u00e3o, o fato de isso n\u00e3o ocorrer \u201cdemonstra com precis\u00e3o que o crit\u00e9rio aplicado n\u00e3o \u00e9 jur\u00eddico\u201d. A conclus\u00e3o da entidade \u00e9 de que a decis\u00e3o de Moraes \u201crevela um padr\u00e3o que n\u00e3o \u00e9 compat\u00edvel com o exerc\u00edcio da jurisdi\u00e7\u00e3o criminal num Estado Democr\u00e1tico de Direito\u201d.<\/p>\n<p><strong><a href=\"https:\/\/revistaoeste.com\/politica\/associacao-critica-instauracao-de-inquerito-contra-flavio\/\">Cr\u00e9dito Revista Oeste<\/a><\/strong><\/p>\n<\/div>\n<p><script async src=\"\/\/platform.twitter.com\/widgets.js\" charset=\"utf-8\"><\/script><br \/>\n<br \/><br \/>\n<br \/><a href=\"https:\/\/paulofigueiredoshow.com\/associacao-critica-instauracao-de-inquerito-contra-flavio\/\">Source link <\/a><\/p>","protected":false},"excerpt":{"rendered":"<p>Lexum afirma que decis\u00e3o de Moraes ignora imunidade parlamentar e p\u00f5e em risco liberdade de cr\u00edtica pol\u00edtica em ano eleitoral A associa\u00e7\u00e3o Lexum divulgou, nesta quarta-feira, 15, uma nota p\u00fablica&hellip;<\/p>","protected":false},"author":1,"featured_media":129050,"comment_status":"closed","ping_status":"open","sticky":false,"template":"","format":"standard","meta":{"content-type":"","footnotes":""},"categories":[16],"tags":[],"class_list":["post-129586","post","type-post","status-publish","format-standard","has-post-thumbnail","hentry","category-noticias"],"_links":{"self":[{"href":"https:\/\/tvbrazilusa.com\/pt\/wp-json\/wp\/v2\/posts\/129586","targetHints":{"allow":["GET"]}}],"collection":[{"href":"https:\/\/tvbrazilusa.com\/pt\/wp-json\/wp\/v2\/posts"}],"about":[{"href":"https:\/\/tvbrazilusa.com\/pt\/wp-json\/wp\/v2\/types\/post"}],"author":[{"embeddable":true,"href":"https:\/\/tvbrazilusa.com\/pt\/wp-json\/wp\/v2\/users\/1"}],"replies":[{"embeddable":true,"href":"https:\/\/tvbrazilusa.com\/pt\/wp-json\/wp\/v2\/comments?post=129586"}],"version-history":[{"count":1,"href":"https:\/\/tvbrazilusa.com\/pt\/wp-json\/wp\/v2\/posts\/129586\/revisions"}],"predecessor-version":[{"id":129587,"href":"https:\/\/tvbrazilusa.com\/pt\/wp-json\/wp\/v2\/posts\/129586\/revisions\/129587"}],"wp:featuredmedia":[{"embeddable":true,"href":"https:\/\/tvbrazilusa.com\/pt\/wp-json\/wp\/v2\/media\/129050"}],"wp:attachment":[{"href":"https:\/\/tvbrazilusa.com\/pt\/wp-json\/wp\/v2\/media?parent=129586"}],"wp:term":[{"taxonomy":"category","embeddable":true,"href":"https:\/\/tvbrazilusa.com\/pt\/wp-json\/wp\/v2\/categories?post=129586"},{"taxonomy":"post_tag","embeddable":true,"href":"https:\/\/tvbrazilusa.com\/pt\/wp-json\/wp\/v2\/tags?post=129586"}],"curies":[{"name":"wp","href":"https:\/\/api.w.org\/{rel}","templated":true}]}}