{"id":129594,"date":"2026-04-15T19:51:56","date_gmt":"2026-04-15T19:51:56","guid":{"rendered":"https:\/\/tvbrazilusa.com\/2026\/04\/15\/ccj-antecipa-sabatina-de-jorge-messias-no-senado-paulo-figueiredo\/"},"modified":"2026-04-15T20:19:37","modified_gmt":"2026-04-15T20:19:37","slug":"ccj-antecipa-sabatina-de-jorge-messias-no-senado-paulo-figueiredo","status":"publish","type":"post","link":"https:\/\/tvbrazilusa.com\/pt\/2026\/04\/15\/ccj-antecipa-sabatina-de-jorge-messias-no-senado-paulo-figueiredo\/","title":{"rendered":"CCJ antecipa sabatina de Jorge Messias no Senado &#8211; Paulo Figueiredo"},"content":{"rendered":"<p> <script async src=\"https:\/\/pagead2.googlesyndication.com\/pagead\/js\/adsbygoogle.js?client=ca-pub-8864793242727901\"\r\n     crossorigin=\"anonymous\"><\/script><br \/>\n<\/p>\n<div id=\"wtr-content\" data-bg=\"#FFFFFF\" data-fg=\"#006d91\" data-width=\"25\" data-mute=\"1\" data-fgopacity=\"1.00\" data-mutedopacity=\"0.5\" data-placement=\"bottom\" data-placement-offset=\"0\" data-content-offset=\"262\" data-placement-touch=\"bottom\" data-placement-offset-touch=\"0\" data-transparent=\"\" data-shadow=\"0\" data-touch=\"1\" data-non-touch=\"1\" data-comments=\"0\" data-commentsbg=\"transparent\" data-location=\"page\" data-mutedfg=\"#006d91\" data-endfg=\"#006d91\" data-rtl=\"\">\n<h4 class=\"wp-block-heading\">Mudan\u00e7a de data busca garantir presen\u00e7a de parlamentares e evitar impacto de feriado na comiss\u00e3o<\/h4>\n<p>A\u00a0Comiss\u00e3o de Constitui\u00e7\u00e3o e Justi\u00e7a (CCJ) do Senado\u00a0decidiu antecipar a sabatina do advogado-geral da Uni\u00e3o, Jorge Messias, indicado ao\u00a0Supremo Tribunal Federal (STF). A sess\u00e3o, antes marcada para 29 de abril, ocorrer\u00e1 no dia 28.<\/p>\n<p>A altera\u00e7\u00e3o ocorreu por causa da proximidade com o feriado do 1\u00ba de Maio. Senadores relataram risco de esvaziamento da comiss\u00e3o, o que levou \u00e0 mudan\u00e7a.<\/p>\n<p>O relator Weverton Rocha (PDT-MA) informou que recebeu pedidos de parlamentares preocupados com a presen\u00e7a reduzida na data original. O presidente do colegiado, Otto Alencar (PSD-BA), acolheu a solicita\u00e7\u00e3o.\u00a0<\/p>\n<p>Durante a leitura do parecer, Rocha defendeu o nome de Messias. Segundo ele, o indicado re\u00fane \u201cas exig\u00eancias constitucionais concernentes \u00e0 reputa\u00e7\u00e3o ilibada e ao not\u00e1vel saber jur\u00eddico para o exerc\u00edcio do cargo para o qual foi indicado\u201d.<\/p>\n<p>\u201cComo advogado-geral da Uni\u00e3o, sua atua\u00e7\u00e3o se destaca pelo perfil conciliador e de di\u00e1logo com os diferentes setores\u201d, disse Rocha. \u201cSob sua lideran\u00e7a, a AGU posicionou a concilia\u00e7\u00e3o como uma pol\u00edtica de Estado, priorizando a seguran\u00e7a jur\u00eddica por meio da realiza\u00e7\u00e3o de acordos judiciais e extrajudiciais.\u201d\u00a0<\/p>\n<p>Para avan\u00e7ar, o nome precisa do apoio de pelo menos 14 dos 27 integrantes da CCJ. Superada essa etapa, a an\u00e1lise segue ao plen\u00e1rio, em que os parlamentares decidem em vota\u00e7\u00e3o secreta e exigem, no m\u00ednimo, 41 votos favor\u00e1veis.<\/p>\n<h4 class=\"wp-block-heading\" id=\"h-episodio-da-lava-jato-marcou-trajetoria-de-messias\"><strong>Epis\u00f3dio da Lava Jato marcou trajet\u00f3ria de Messias<\/strong><\/h4>\n<p>O presidente Luiz In\u00e1cio Lula da Silva definiu o nome de Messias em novembro, mas enfrentou resist\u00eancia do presidente do Congresso, Davi Alcolumbre (Uni\u00e3o-AP). O parlamentar chegou a cancelar a sabatina prevista para dezembro devido a diverg\u00eancias de interesses entre os Poderes.\u00a0<\/p>\n<p>Caso receba aval dos senadores, Messias ocupar\u00e1 a vaga aberta com a sa\u00edda do ministro Lu\u00eds Roberto Barroso, que deixou a Corte no ano passado.<\/p>\n<p>Messias ficou conhecido nacionalmente em 2016 devido a um \u00e1udio interceptado pela Opera\u00e7\u00e3o Lava Jato. Na grava\u00e7\u00e3o, a ent\u00e3o presidente Dilma Rousseff mencionava o envio de termo de posse de ministro da Casa Civil para Lula por meio do \u201cBessias\u201d. O epis\u00f3dio gerou grande repercuss\u00e3o pol\u00edtica \u00e0 \u00e9poca.\u00a0<\/p>\n<p><strong><a href=\"https:\/\/revistaoeste.com\/politica\/ccj-antecipa-sabatina-de-jorge-messias-no-senado\/\">Cr\u00e9dito Revista Oeste<\/a><\/strong><\/p>\n<\/div>\n<p><br \/>\n<br \/><a href=\"https:\/\/paulofigueiredoshow.com\/ccj-antecipa-sabatina-de-jorge-messias-no-senado\/\">Source link <\/a><\/p>","protected":false},"excerpt":{"rendered":"<p>Mudan\u00e7a de data busca garantir presen\u00e7a de parlamentares e evitar impacto de feriado na comiss\u00e3o A\u00a0Comiss\u00e3o de Constitui\u00e7\u00e3o e Justi\u00e7a (CCJ) do Senado\u00a0decidiu antecipar a sabatina do advogado-geral da Uni\u00e3o,&hellip;<\/p>","protected":false},"author":1,"featured_media":129595,"comment_status":"closed","ping_status":"open","sticky":false,"template":"","format":"standard","meta":{"content-type":"","footnotes":""},"categories":[16],"tags":[],"class_list":["post-129594","post","type-post","status-publish","format-standard","has-post-thumbnail","hentry","category-noticias"],"_links":{"self":[{"href":"https:\/\/tvbrazilusa.com\/pt\/wp-json\/wp\/v2\/posts\/129594","targetHints":{"allow":["GET"]}}],"collection":[{"href":"https:\/\/tvbrazilusa.com\/pt\/wp-json\/wp\/v2\/posts"}],"about":[{"href":"https:\/\/tvbrazilusa.com\/pt\/wp-json\/wp\/v2\/types\/post"}],"author":[{"embeddable":true,"href":"https:\/\/tvbrazilusa.com\/pt\/wp-json\/wp\/v2\/users\/1"}],"replies":[{"embeddable":true,"href":"https:\/\/tvbrazilusa.com\/pt\/wp-json\/wp\/v2\/comments?post=129594"}],"version-history":[{"count":1,"href":"https:\/\/tvbrazilusa.com\/pt\/wp-json\/wp\/v2\/posts\/129594\/revisions"}],"predecessor-version":[{"id":129596,"href":"https:\/\/tvbrazilusa.com\/pt\/wp-json\/wp\/v2\/posts\/129594\/revisions\/129596"}],"wp:featuredmedia":[{"embeddable":true,"href":"https:\/\/tvbrazilusa.com\/pt\/wp-json\/wp\/v2\/media\/129595"}],"wp:attachment":[{"href":"https:\/\/tvbrazilusa.com\/pt\/wp-json\/wp\/v2\/media?parent=129594"}],"wp:term":[{"taxonomy":"category","embeddable":true,"href":"https:\/\/tvbrazilusa.com\/pt\/wp-json\/wp\/v2\/categories?post=129594"},{"taxonomy":"post_tag","embeddable":true,"href":"https:\/\/tvbrazilusa.com\/pt\/wp-json\/wp\/v2\/tags?post=129594"}],"curies":[{"name":"wp","href":"https:\/\/api.w.org\/{rel}","templated":true}]}}