{"id":129603,"date":"2026-04-15T23:48:20","date_gmt":"2026-04-15T23:48:20","guid":{"rendered":"https:\/\/tvbrazilusa.com\/2026\/04\/15\/ccj-da-camara-adia-votacao-da-pec-que-acaba-com-escala-6x1-paulo-figueiredo\/"},"modified":"2026-04-15T23:53:44","modified_gmt":"2026-04-15T23:53:44","slug":"ccj-da-camara-adia-votacao-da-pec-que-acaba-com-escala-6x1-paulo-figueiredo","status":"publish","type":"post","link":"https:\/\/tvbrazilusa.com\/pt\/2026\/04\/15\/ccj-da-camara-adia-votacao-da-pec-que-acaba-com-escala-6x1-paulo-figueiredo\/","title":{"rendered":"CCJ da C\u00e2mara adia vota\u00e7\u00e3o da PEC que acaba com escala 6\u00d71 &#8211; Paulo Figueiredo"},"content":{"rendered":"<p> <script async src=\"https:\/\/pagead2.googlesyndication.com\/pagead\/js\/adsbygoogle.js?client=ca-pub-8864793242727901\"\r\n     crossorigin=\"anonymous\"><\/script><br \/>\n<\/p>\n<div id=\"wtr-content\" data-bg=\"#FFFFFF\" data-fg=\"#006d91\" data-width=\"25\" data-mute=\"1\" data-fgopacity=\"1.00\" data-mutedopacity=\"0.5\" data-placement=\"bottom\" data-placement-offset=\"0\" data-content-offset=\"262\" data-placement-touch=\"bottom\" data-placement-offset-touch=\"0\" data-transparent=\"\" data-shadow=\"0\" data-touch=\"1\" data-non-touch=\"1\" data-comments=\"0\" data-commentsbg=\"transparent\" data-location=\"page\" data-mutedfg=\"#006d91\" data-endfg=\"#006d91\" data-rtl=\"\">\n<h4 class=\"wp-block-heading\">Presidente da comiss\u00e3o, Leur Lomato (Uni\u00e3o Brasil-BA) concedeu vista coletiva, isto \u00e9, mais tempo para os deputados analisarem o texto<\/h4>\n<p>A\u00a0Comiss\u00e3o de Constitui\u00e7\u00e3o e Justi\u00e7a (CCJ) da C\u00e2mara dos Deputados\u00a0adiou, nesta quarta-feira (15\/4), a vota\u00e7\u00e3o da Proposta de Emenda \u00e0 Constitui\u00e7\u00e3o (PEC) que estabelece o fim da escala 6\u00d71, modelo no qual se trabalha por seis dias na semana para um de folga.<\/p>\n<p>Isso se deu porque o deputado federal Lucas Redecker (PSD-RS) pediu vista, isto \u00e9, mais tempo para analisar o parecer do relator Paulo Azi (Uni\u00e3o Brasil-BA), protocolado na manh\u00e3 desta quarta.<\/p>\n<p>O presidente da CCJ, Leur Lomato (Uni\u00e3o Brasil-BA), concedeu, ent\u00e3o, a vista coletiva.<\/p>\n<p>O relator da proposta apresentou um parecer favor\u00e1vel \u00e0 admissibilidade da proposta na CCJ.<\/p>\n<p>Azi incluiu no parecer sugest\u00f5es de pontos que, em sua avalia\u00e7\u00e3o, devem ser aprofundados na comiss\u00e3o de m\u00e9rito, ainda a ser instalada.\u00a0Entre eles, est\u00e1 a cria\u00e7\u00e3o de uma regra de transi\u00e7\u00e3o para a redu\u00e7\u00e3o da jornada, com implementa\u00e7\u00e3o gradual ao longo de alguns anos. Ele menciona experi\u00eancias internacionais em que mudan\u00e7as desse tipo foram adotadas por meio de cronogramas escalonados.<\/p>\n<p>O deputado Paulo Azi tamb\u00e9m defendia que uma PEC pode n\u00e3o ser o instrumento mais adequado para tratar de altera\u00e7\u00f5es na jornada e na escala de trabalho.<\/p>\n<p>No relat\u00f3rio apresentado nesta quarta-feira \u00e0 CCJ, o parlamentar argumenta que incluir esse tipo de previs\u00e3o na Constitui\u00e7\u00e3o pode limitar excessivamente a atua\u00e7\u00e3o legislativa do Congresso.<\/p>\n<p>Segundo o relator, a defini\u00e7\u00e3o de escalas de trabalho estaria mais alinhada ao \u00e2mbito das negocia\u00e7\u00f5es coletivas, que permitem considerar as especificidades de cada setor e os regimes diferenciados.<\/p>\n<p>Nessa ter\u00e7a-feira (14\/4), o presidente\u00a0Luiz In\u00e1cio Lula da Silva\u00a0(PT)\u00a0comunicou\u00a0ao presidente da C\u00e2mara,\u00a0Hugo Motta\u00a0(Republicanos-PB), o envio de um projeto pr\u00f3prio sobre o tema com pedido de urg\u00eancia constitucional, mecanismo que estabelece prazo de at\u00e9 45 dias para an\u00e1lise pelo Congresso. A proposta foi publicada em edi\u00e7\u00e3o extra do Di\u00e1rio Oficial da Uni\u00e3o ainda na noite da mesma data.<\/p>\n<p><strong><a href=\"https:\/\/www.metropoles.com\/brasil\/ccj-da-camara-adia-votacao-da-pec-que-acaba-com-escala-6x1\">Cr\u00e9dito Metr\u00f3poles<\/a><\/strong><\/p>\n<\/div>\n<p><br \/>\n<br \/><a href=\"https:\/\/paulofigueiredoshow.com\/ccj-da-camara-adia-votacao-da-pec-que-acaba-com-escala-6x1\/\">Source link <\/a><\/p>","protected":false},"excerpt":{"rendered":"<p>Presidente da comiss\u00e3o, Leur Lomato (Uni\u00e3o Brasil-BA) concedeu vista coletiva, isto \u00e9, mais tempo para os deputados analisarem o texto A\u00a0Comiss\u00e3o de Constitui\u00e7\u00e3o e Justi\u00e7a (CCJ) da C\u00e2mara dos Deputados\u00a0adiou,&hellip;<\/p>","protected":false},"author":1,"featured_media":129604,"comment_status":"closed","ping_status":"open","sticky":false,"template":"","format":"standard","meta":{"content-type":"","footnotes":""},"categories":[16],"tags":[],"class_list":["post-129603","post","type-post","status-publish","format-standard","has-post-thumbnail","hentry","category-noticias"],"_links":{"self":[{"href":"https:\/\/tvbrazilusa.com\/pt\/wp-json\/wp\/v2\/posts\/129603","targetHints":{"allow":["GET"]}}],"collection":[{"href":"https:\/\/tvbrazilusa.com\/pt\/wp-json\/wp\/v2\/posts"}],"about":[{"href":"https:\/\/tvbrazilusa.com\/pt\/wp-json\/wp\/v2\/types\/post"}],"author":[{"embeddable":true,"href":"https:\/\/tvbrazilusa.com\/pt\/wp-json\/wp\/v2\/users\/1"}],"replies":[{"embeddable":true,"href":"https:\/\/tvbrazilusa.com\/pt\/wp-json\/wp\/v2\/comments?post=129603"}],"version-history":[{"count":1,"href":"https:\/\/tvbrazilusa.com\/pt\/wp-json\/wp\/v2\/posts\/129603\/revisions"}],"predecessor-version":[{"id":129605,"href":"https:\/\/tvbrazilusa.com\/pt\/wp-json\/wp\/v2\/posts\/129603\/revisions\/129605"}],"wp:featuredmedia":[{"embeddable":true,"href":"https:\/\/tvbrazilusa.com\/pt\/wp-json\/wp\/v2\/media\/129604"}],"wp:attachment":[{"href":"https:\/\/tvbrazilusa.com\/pt\/wp-json\/wp\/v2\/media?parent=129603"}],"wp:term":[{"taxonomy":"category","embeddable":true,"href":"https:\/\/tvbrazilusa.com\/pt\/wp-json\/wp\/v2\/categories?post=129603"},{"taxonomy":"post_tag","embeddable":true,"href":"https:\/\/tvbrazilusa.com\/pt\/wp-json\/wp\/v2\/tags?post=129603"}],"curies":[{"name":"wp","href":"https:\/\/api.w.org\/{rel}","templated":true}]}}