{"id":129606,"date":"2026-04-15T23:42:58","date_gmt":"2026-04-15T23:42:58","guid":{"rendered":"https:\/\/tvbrazilusa.com\/2026\/04\/15\/lula-critica-o-fim-do-imposto-sindical-paulo-figueiredo\/"},"modified":"2026-04-15T23:59:44","modified_gmt":"2026-04-15T23:59:44","slug":"lula-critica-o-fim-do-imposto-sindical-paulo-figueiredo","status":"publish","type":"post","link":"https:\/\/tvbrazilusa.com\/pt\/2026\/04\/15\/lula-critica-o-fim-do-imposto-sindical-paulo-figueiredo\/","title":{"rendered":"Lula critica o fim do imposto sindical &#8211; Paulo Figueiredo"},"content":{"rendered":"<p> <script async src=\"https:\/\/pagead2.googlesyndication.com\/pagead\/js\/adsbygoogle.js?client=ca-pub-8864793242727901\"\r\n     crossorigin=\"anonymous\"><\/script><br \/>\n<\/p>\n<div id=\"wtr-content\" data-bg=\"#FFFFFF\" data-fg=\"#006d91\" data-width=\"25\" data-mute=\"1\" data-fgopacity=\"1.00\" data-mutedopacity=\"0.5\" data-placement=\"bottom\" data-placement-offset=\"0\" data-content-offset=\"262\" data-placement-touch=\"bottom\" data-placement-offset-touch=\"0\" data-transparent=\"\" data-shadow=\"0\" data-touch=\"1\" data-non-touch=\"1\" data-comments=\"0\" data-commentsbg=\"transparent\" data-location=\"page\" data-mutedfg=\"#006d91\" data-endfg=\"#006d91\" data-rtl=\"\">\n<h4 class=\"wp-block-heading\">Presidente afirma que \u201casfixiaram a economia\u201d das centrais sindicais <\/h4>\n<p>O presidente\u00a0Luiz In\u00e1cio Lula da Silva\u00a0(PT) criticou, nesta 4\u00aa feira, o fim do imposto sindical \u2013 extinto com a reforma trabalhista de 2017. A declara\u00e7\u00e3o foi feita durante encontro com centrais sindicais, no Pal\u00e1cio do Planalto, para a entrega da Pauta da Classe Trabalhadora.\u00a0<\/p>\n<p><em>\u201cEles fizeram com voc\u00eas o que n\u00f3s queremos fazer com o crime organizado. Se a gente quer acabar com o crime organizado, temos que asfixiar a economia deles. E eles trataram o sindicato assim: \u2018Vamos asfixi\u00e1-los, deix\u00e1-los sem dinheiro\u2019\u201d<\/em>, declarou.<\/p>\n<p>Lula completou:\u00a0<em>\u201cOs empres\u00e1rios n\u00e3o foram asfixi\u00e1-los. Eles t\u00eam o Sistema S, continuam fazendo o que sempre fizeram\u201d<\/em>.\u00a0<\/p>\n<p>O imposto sindical era um valor anual pago pelos trabalhadores. Ele correspondia a 1 dia de trabalho, sem horas extras.\u00a0<\/p>\n<p>Al\u00e9m de Lula, o vice-presidente Geraldo Alckmin e os ministros Luiz Marinho (Trabalho e Emprego), Guilherme Boulos (Secretaria-Geral da Presid\u00eancia da Rep\u00fablica) e Jos\u00e9 Guimar\u00e3es (Secretaria de Rela\u00e7\u00f5es Institucionais) participaram do encontro com 36 representantes de centrais sindicais.\u00a0\u00a0<\/p>\n<p>A Pauta da Classe Trabalhadora re\u00fane 68 reivindica\u00e7\u00f5es, entre pautas hist\u00f3ricas e temas recentes, para o per\u00edodo de 2026 a 2030.<\/p>\n<p><strong><a href=\"https:\/\/www.poder360.com.br\/poder-governo\/lula-critica-o-fim-do-imposto-sindical\/\">Cr\u00e9dito Poder360<\/a><\/strong><\/p>\n<\/div>\n<p><br \/>\n<br \/><a href=\"https:\/\/paulofigueiredoshow.com\/lula-critica-o-fim-do-imposto-sindical\/\">Source link <\/a><\/p>","protected":false},"excerpt":{"rendered":"<p>Presidente afirma que \u201casfixiaram a economia\u201d das centrais sindicais O presidente\u00a0Luiz In\u00e1cio Lula da Silva\u00a0(PT) criticou, nesta 4\u00aa feira, o fim do imposto sindical \u2013 extinto com a reforma trabalhista&hellip;<\/p>","protected":false},"author":1,"featured_media":129607,"comment_status":"closed","ping_status":"open","sticky":false,"template":"","format":"standard","meta":{"content-type":"","footnotes":""},"categories":[16],"tags":[],"class_list":["post-129606","post","type-post","status-publish","format-standard","has-post-thumbnail","hentry","category-noticias"],"_links":{"self":[{"href":"https:\/\/tvbrazilusa.com\/pt\/wp-json\/wp\/v2\/posts\/129606","targetHints":{"allow":["GET"]}}],"collection":[{"href":"https:\/\/tvbrazilusa.com\/pt\/wp-json\/wp\/v2\/posts"}],"about":[{"href":"https:\/\/tvbrazilusa.com\/pt\/wp-json\/wp\/v2\/types\/post"}],"author":[{"embeddable":true,"href":"https:\/\/tvbrazilusa.com\/pt\/wp-json\/wp\/v2\/users\/1"}],"replies":[{"embeddable":true,"href":"https:\/\/tvbrazilusa.com\/pt\/wp-json\/wp\/v2\/comments?post=129606"}],"version-history":[{"count":1,"href":"https:\/\/tvbrazilusa.com\/pt\/wp-json\/wp\/v2\/posts\/129606\/revisions"}],"predecessor-version":[{"id":129608,"href":"https:\/\/tvbrazilusa.com\/pt\/wp-json\/wp\/v2\/posts\/129606\/revisions\/129608"}],"wp:featuredmedia":[{"embeddable":true,"href":"https:\/\/tvbrazilusa.com\/pt\/wp-json\/wp\/v2\/media\/129607"}],"wp:attachment":[{"href":"https:\/\/tvbrazilusa.com\/pt\/wp-json\/wp\/v2\/media?parent=129606"}],"wp:term":[{"taxonomy":"category","embeddable":true,"href":"https:\/\/tvbrazilusa.com\/pt\/wp-json\/wp\/v2\/categories?post=129606"},{"taxonomy":"post_tag","embeddable":true,"href":"https:\/\/tvbrazilusa.com\/pt\/wp-json\/wp\/v2\/tags?post=129606"}],"curies":[{"name":"wp","href":"https:\/\/api.w.org\/{rel}","templated":true}]}}