{"id":129609,"date":"2026-04-15T23:40:25","date_gmt":"2026-04-15T23:40:25","guid":{"rendered":"https:\/\/tvbrazilusa.com\/2026\/04\/15\/messias-intensifica-beija-mao-no-senado-e-visita-4-gabinetes-em-1-dia-paulo-figueiredo\/"},"modified":"2026-04-16T00:05:45","modified_gmt":"2026-04-16T00:05:45","slug":"messias-intensifica-beija-mao-no-senado-e-visita-4-gabinetes-em-1-dia-paulo-figueiredo","status":"publish","type":"post","link":"https:\/\/tvbrazilusa.com\/pt\/2026\/04\/15\/messias-intensifica-beija-mao-no-senado-e-visita-4-gabinetes-em-1-dia-paulo-figueiredo\/","title":{"rendered":"Messias intensifica \u201cbeija-m\u00e3o\u201d no Senado e visita 4 gabinetes em 1 dia &#8211; Paulo Figueiredo"},"content":{"rendered":"<p> <script async src=\"https:\/\/pagead2.googlesyndication.com\/pagead\/js\/adsbygoogle.js?client=ca-pub-8864793242727901\"\r\n     crossorigin=\"anonymous\"><\/script><br \/>\n<\/p>\n<div id=\"wtr-content\" data-bg=\"#FFFFFF\" data-fg=\"#006d91\" data-width=\"25\" data-mute=\"1\" data-fgopacity=\"1.00\" data-mutedopacity=\"0.5\" data-placement=\"bottom\" data-placement-offset=\"0\" data-content-offset=\"262\" data-placement-touch=\"bottom\" data-placement-offset-touch=\"0\" data-transparent=\"\" data-shadow=\"0\" data-touch=\"1\" data-non-touch=\"1\" data-comments=\"0\" data-commentsbg=\"transparent\" data-location=\"page\" data-mutedfg=\"#006d91\" data-endfg=\"#006d91\" data-rtl=\"\">\n<h4 class=\"wp-block-heading\">Indicado ao STF usa gabinete de relator, Weverton, como base; ministro se reuniu com Leila Barros, Renan Filho, Carlos Portinho, Rom\u00e1rio<\/h4>\n<p>O advogado-geral da Uni\u00e3o, Jorge Messias, intensificou a articula\u00e7\u00e3o pol\u00edtica no Senado na tentativa de reverter votos contr\u00e1rios e conquistar indecisos na reta final da an\u00e1lise de sua indica\u00e7\u00e3o ao Supremo Tribunal Federal (STF). Indicado pelo presidente\u00a0Luiz In\u00e1cio Lula da Silva\u00a0(PT), Messias enfrenta um\u00a0cen\u00e1rio de incerteza: enquanto o governo demonstra otimismo, ainda que reconhe\u00e7a uma vota\u00e7\u00e3o apertada, a oposi\u00e7\u00e3o avalia que Messias \u201cprecisa de um milagre\u201d, j\u00e1 que h\u00e1 uma possibilidade concreta de rejei\u00e7\u00e3o \u2014o que seria in\u00e9dito para um indicado ao Supremo.<\/p>\n<p>Com a\u00a0sabatina antecipada\u00a0para 28 de abril e o esvaziamento do Congresso durante o feriado de Tiradentes, Messias concentra esfor\u00e7os nesta semana.\u00a0Nos \u00faltimos dias, a ofensiva se intensificou: s\u00f3 nesta 4\u00aa feira Messias recebeu a senadora\u00a0Leila Barros\u00a0(PDT-DF) e visitou gabinetes dos senadores\u00a0Rom\u00e1rio\u00a0(PL-RJ) e\u00a0Renan Filho\u00a0(MDB-AL). Tamb\u00e9m se encontrou com o senador\u00a0Carlos Portinho\u00a0(PL-RJ).\u00a0<\/p>\n<p>O indicado tem dividido sua agenda entre bater de porta em porta nos gabinetes e reuni\u00f5es em seu \u201cQG\u201d provis\u00f3rio: o gabinete do relator da indica\u00e7\u00e3o, senador\u00a0Weverton\u00a0(PDT-MA). O congressista, junto a outros governistas, atua diretamente na articula\u00e7\u00e3o, realizando encontros com senadores para consolidar apoio.<\/p>\n<p>As conversas individuais v\u00eam sendo feitas h\u00e1 semanas. H\u00e1 cerca de 3 semanas, por exemplo, Messias esteve com o senador Oriovisto Guimar\u00e3es (PSDB-PR), que afirmou ao\u00a0<strong>Poder360<\/strong>\u00a0que, embora a conversa tenha sido boa,\u00a0<em>\u201cs\u00f3 vai decidir o voto depois da sabatina\u201d<\/em>.<\/p>\n<h4 class=\"wp-block-heading\">Di\u00e1logo com a oposi\u00e7\u00e3o<\/h4>\n<p>O indicado tamb\u00e9m buscou di\u00e1logo com a oposi\u00e7\u00e3o. Ap\u00f3s contato por telefone, reuniu-se com o senador Carlos Portinho\u00a0(PL-RJ) tamb\u00e9m nesta 4\u00aa feira (15.abr), que classificou o encontro como \u201ccordial\u201d, mas reafirmou voto contr\u00e1rio.<\/p>\n<p>Segundo Portinho, o PL decidiu pelo fechamento de quest\u00e3o \u2014orienta\u00e7\u00e3o partid\u00e1ria para voto unificado\u2014 contra a indica\u00e7\u00e3o, medida que, segundo ele, \u00e9 in\u00e9dita durante sua lideran\u00e7a.<\/p>\n<p><em>\u201cEu tenho o h\u00e1bito, \u00e9 da liturgia do cargo, \u00e9 do respeito \u00e0 pessoa indicada. Eu recebi todos os indicados para qualquer sabatina, inclusive nas anteriores como a do Paulo Gonet. Eu o recebi e disse que votaria contr\u00e1rio. Pela primeira vez, mais de 5 anos \u00e0 frente da lideran\u00e7a do PL, foi a \u00fanica vez em que n\u00f3s aprovamos esse fechamento de quest\u00e3o. Sempre respeitei a individualidade dos senadores, mas nesse caso havia o interesse da ampla maioria de todos\u201d<\/em>, declarou.<\/p>\n<p>Em nota conjunta, PL e Novo declararam oposi\u00e7\u00e3o ao nome de Messias. As siglas afirmam que o momento atual n\u00e3o \u00e9 adequado para novas nomea\u00e7\u00f5es ao STF, citando \u201cinstabilidade institucional\u201d e um suposto distanciamento entre a Corte, o Legislativo e a sociedade. <\/p>\n<p><em>\u201cO PL e o NOVO no Senado Federal entende que o atual momento n\u00e3o se mostra adequado para a nomea\u00e7\u00e3o de novos membros \u00e0 Corte. Tal posicionamento decorre da percep\u00e7\u00e3o de um cen\u00e1rio de instabilidade institucional, marcado por questionamentos relevantes acerca da atua\u00e7\u00e3o do Supremo, bem como pelo distanciamento crescente entre a Corte, o Poder Legislativo e a sociedade brasileira\u201d<\/em>, diz trecho da nota.<\/p>\n<p>A articula\u00e7\u00e3o favor\u00e1vel \u00e0 indica\u00e7\u00e3o, no entanto, n\u00e3o se limita ao meio pol\u00edtico. Integrantes do meio jur\u00eddico t\u00eam atuado como intermedi\u00e1rios entre Messias e senadores.<\/p>\n<p>O senador\u00a0M\u00e1rcio Bittar\u00a0(PL-AC) relatou ao\u00a0<strong>Poder360<\/strong>\u00a0que foi procurado por um conhecido da \u00e1rea jur\u00eddica para viabilizar uma conversa com o indicado. Apesar de ter aceitado, Bittar manteve posi\u00e7\u00e3o contr\u00e1ria e defendeu que uma eventual indica\u00e7\u00e3o ao STF seja feita apenas ap\u00f3s as elei\u00e7\u00f5es de 2026.<\/p>\n<p><strong><a href=\"https:\/\/www.poder360.com.br\/poder-congresso\/messias-intensifica-beija-mao-no-senado-e-visita-4-gabinetes-em-1-dia\/\">Cr\u00e9dito Poder360<\/a><\/strong><\/p>\n<\/div>\n<p><br \/>\n<br \/><a href=\"https:\/\/paulofigueiredoshow.com\/messias-intensifica-beija-mao-no-senado-e-visita-4-gabinetes-em-1-dia\/\">Source link <\/a><\/p>","protected":false},"excerpt":{"rendered":"<p>Indicado ao STF usa gabinete de relator, Weverton, como base; ministro se reuniu com Leila Barros, Renan Filho, Carlos Portinho, Rom\u00e1rio O advogado-geral da Uni\u00e3o, Jorge Messias, intensificou a articula\u00e7\u00e3o&hellip;<\/p>","protected":false},"author":1,"featured_media":129595,"comment_status":"closed","ping_status":"open","sticky":false,"template":"","format":"standard","meta":{"content-type":"","footnotes":""},"categories":[16],"tags":[],"class_list":["post-129609","post","type-post","status-publish","format-standard","has-post-thumbnail","hentry","category-noticias"],"_links":{"self":[{"href":"https:\/\/tvbrazilusa.com\/pt\/wp-json\/wp\/v2\/posts\/129609","targetHints":{"allow":["GET"]}}],"collection":[{"href":"https:\/\/tvbrazilusa.com\/pt\/wp-json\/wp\/v2\/posts"}],"about":[{"href":"https:\/\/tvbrazilusa.com\/pt\/wp-json\/wp\/v2\/types\/post"}],"author":[{"embeddable":true,"href":"https:\/\/tvbrazilusa.com\/pt\/wp-json\/wp\/v2\/users\/1"}],"replies":[{"embeddable":true,"href":"https:\/\/tvbrazilusa.com\/pt\/wp-json\/wp\/v2\/comments?post=129609"}],"version-history":[{"count":1,"href":"https:\/\/tvbrazilusa.com\/pt\/wp-json\/wp\/v2\/posts\/129609\/revisions"}],"predecessor-version":[{"id":129610,"href":"https:\/\/tvbrazilusa.com\/pt\/wp-json\/wp\/v2\/posts\/129609\/revisions\/129610"}],"wp:featuredmedia":[{"embeddable":true,"href":"https:\/\/tvbrazilusa.com\/pt\/wp-json\/wp\/v2\/media\/129595"}],"wp:attachment":[{"href":"https:\/\/tvbrazilusa.com\/pt\/wp-json\/wp\/v2\/media?parent=129609"}],"wp:term":[{"taxonomy":"category","embeddable":true,"href":"https:\/\/tvbrazilusa.com\/pt\/wp-json\/wp\/v2\/categories?post=129609"},{"taxonomy":"post_tag","embeddable":true,"href":"https:\/\/tvbrazilusa.com\/pt\/wp-json\/wp\/v2\/tags?post=129609"}],"curies":[{"name":"wp","href":"https:\/\/api.w.org\/{rel}","templated":true}]}}