{"id":129649,"date":"2026-04-16T16:54:36","date_gmt":"2026-04-16T16:54:36","guid":{"rendered":"https:\/\/tvbrazilusa.com\/2026\/04\/16\/gilmar-pede-que-pgr-investigue-relator-da-cpi-do-crime-organizado-paulo-figueiredo\/"},"modified":"2026-04-16T16:56:50","modified_gmt":"2026-04-16T16:56:50","slug":"gilmar-pede-que-pgr-investigue-relator-da-cpi-do-crime-organizado-paulo-figueiredo","status":"publish","type":"post","link":"https:\/\/tvbrazilusa.com\/pt\/2026\/04\/16\/gilmar-pede-que-pgr-investigue-relator-da-cpi-do-crime-organizado-paulo-figueiredo\/","title":{"rendered":"Gilmar pede que PGR investigue relator da CPI do Crime Organizado &#8211; Paulo Figueiredo"},"content":{"rendered":"<p> <script async src=\"https:\/\/pagead2.googlesyndication.com\/pagead\/js\/adsbygoogle.js?client=ca-pub-8864793242727901\"\r\n     crossorigin=\"anonymous\"><\/script><br \/>\n<\/p>\n<div id=\"wtr-content\" data-bg=\"#FFFFFF\" data-fg=\"#006d91\" data-width=\"25\" data-mute=\"1\" data-fgopacity=\"1.00\" data-mutedopacity=\"0.5\" data-placement=\"bottom\" data-placement-offset=\"0\" data-content-offset=\"262\" data-placement-touch=\"bottom\" data-placement-offset-touch=\"0\" data-transparent=\"\" data-shadow=\"0\" data-touch=\"1\" data-non-touch=\"1\" data-comments=\"0\" data-commentsbg=\"transparent\" data-location=\"page\" data-mutedfg=\"#006d91\" data-endfg=\"#006d91\" data-rtl=\"\">\n<h4 class=\"wp-block-heading\">Ministro do Supremo citou abuso de poder por parte de Alessando Vieira<\/h4>\n<p>O ministro Gilmar Mendes, do\u00a0Supremo Tribunal Federal (STF), encaminhou, nesta quarta-feira, 15, um of\u00edcio \u00e0 Procuradoria-Geral da Rep\u00fablica (PGR) em que pede a investiga\u00e7\u00e3o do senador Alessandro Vieira (MDB-SE). O parlamentar foi o relator da CPI do Crime Organizado, que solicitou o indiciamento de ministros da Corte, incluindo o pr\u00f3prio Gilmar.<\/p>\n<p>Segundo o ministro, o relat\u00f3rio apontou crime de responsabilidade, mas essa tipifica\u00e7\u00e3o n\u00e3o se sustenta do ponto de vista material.<\/p>\n<p>\u201cA proposta de relat\u00f3rio vale-se de juvenil jogo de palavras\u201d, sustenta o ministro. \u201cEnvolvendo os \u2018crimes de responsabilidade\u2019 para sugerir que caberia \u00e0 CPI do Crime Organizado realizar indiciamentos a respeito dessa tem\u00e1tica, quando isso n\u00e3o corresponde \u00e0 realidade.\u201d<\/p>\n<p>Gilmar considera que, al\u00e9m da tentativa de \u201cusurpa\u00e7\u00e3o das compet\u00eancias\u201d do Congresso no processamento de supostos crimes de responsabilidade de integrante do Supremo, o senador buscou se \u201cancorar em instituto de natureza penal e processual penal, qual seja, o indiciamento, para abordar tem\u00e1tica de Direito Administrativo\u201d.<\/p>\n<p>Gilmar Mendes, Dias Toffoli e Alexandre de Moraes apareciam como indiciados no relat\u00f3rio final da CPI do Crime Organizado, al\u00e9m do pr\u00f3prio PGR, Paulo Gonet. A comiss\u00e3o, no entanto, n\u00e3o aprovou o texto.<\/p>\n<h4 class=\"wp-block-heading\" id=\"h-gilmar-e-ministros-criticam-pedido-de-indiciamento\">Gilmar e ministros criticam pedido de indiciamento<\/h4>\n<p>Nesta ter\u00e7a-feira, 14, o ministro Edson Fachin, presidente do STF, repudiou o pedido de indiciamento dos colegas de Corte. No mesmo dia, Gilmar, Toffoli e Fl\u00e1vio Dino criticaram o relator do caso na CPI.<\/p>\n<p>Nas declara\u00e7\u00f5es, os ministros citaram que o documento apresentado \u201cn\u00e3o tem base legal\u201d. De acordo com eles, o colegiado estaria cometendo \u201cabuso de poder\u201d.<\/p>\n<p>\u201cO pedido formulado pelo relator da CPI do Crime Organizado, voltado ao indiciamento de ministros do Supremo sem base legal, n\u00e3o constitui apenas um equ\u00edvoco t\u00e9cnico\u201d, afirmou Gilmar, decano no Supremo. \u201cTrata-se de erro hist\u00f3rico, que nos conduz a uma reflex\u00e3o mais ampla sobre o papel e os poderes das Comiss\u00f5es Parlamentares de Inqu\u00e9rito.\u201d<\/p>\n<p><strong><a href=\"https:\/\/revistaoeste.com\/politica\/gilmar-pede-que-pgr-investigue-relator-da-cpi-do-crime-organizado\/#google_vignette\">Cr\u00e9dito Revista Oeste<\/a><\/strong><\/p>\n<\/div>\n<p><br \/>\n<br \/><a href=\"https:\/\/paulofigueiredoshow.com\/gilmar-pede-que-pgr-investigue-relator-da-cpi-do-crime-organizado\/\">Source link <\/a><\/p>","protected":false},"excerpt":{"rendered":"<p>Ministro do Supremo citou abuso de poder por parte de Alessando Vieira O ministro Gilmar Mendes, do\u00a0Supremo Tribunal Federal (STF), encaminhou, nesta quarta-feira, 15, um of\u00edcio \u00e0 Procuradoria-Geral da Rep\u00fablica&hellip;<\/p>","protected":false},"author":1,"featured_media":129650,"comment_status":"closed","ping_status":"open","sticky":false,"template":"","format":"standard","meta":{"content-type":"","footnotes":""},"categories":[16],"tags":[],"class_list":["post-129649","post","type-post","status-publish","format-standard","has-post-thumbnail","hentry","category-noticias"],"_links":{"self":[{"href":"https:\/\/tvbrazilusa.com\/pt\/wp-json\/wp\/v2\/posts\/129649","targetHints":{"allow":["GET"]}}],"collection":[{"href":"https:\/\/tvbrazilusa.com\/pt\/wp-json\/wp\/v2\/posts"}],"about":[{"href":"https:\/\/tvbrazilusa.com\/pt\/wp-json\/wp\/v2\/types\/post"}],"author":[{"embeddable":true,"href":"https:\/\/tvbrazilusa.com\/pt\/wp-json\/wp\/v2\/users\/1"}],"replies":[{"embeddable":true,"href":"https:\/\/tvbrazilusa.com\/pt\/wp-json\/wp\/v2\/comments?post=129649"}],"version-history":[{"count":1,"href":"https:\/\/tvbrazilusa.com\/pt\/wp-json\/wp\/v2\/posts\/129649\/revisions"}],"predecessor-version":[{"id":129651,"href":"https:\/\/tvbrazilusa.com\/pt\/wp-json\/wp\/v2\/posts\/129649\/revisions\/129651"}],"wp:featuredmedia":[{"embeddable":true,"href":"https:\/\/tvbrazilusa.com\/pt\/wp-json\/wp\/v2\/media\/129650"}],"wp:attachment":[{"href":"https:\/\/tvbrazilusa.com\/pt\/wp-json\/wp\/v2\/media?parent=129649"}],"wp:term":[{"taxonomy":"category","embeddable":true,"href":"https:\/\/tvbrazilusa.com\/pt\/wp-json\/wp\/v2\/categories?post=129649"},{"taxonomy":"post_tag","embeddable":true,"href":"https:\/\/tvbrazilusa.com\/pt\/wp-json\/wp\/v2\/tags?post=129649"}],"curies":[{"name":"wp","href":"https:\/\/api.w.org\/{rel}","templated":true}]}}