{"id":129654,"date":"2026-04-16T16:46:00","date_gmt":"2026-04-16T16:46:00","guid":{"rendered":"https:\/\/tvbrazilusa.com\/2026\/04\/16\/lula-e-janja-trocaram-mensagens-com-choquei-cujo-dono-foi-preso-pela-pf-paulo-figueiredo\/"},"modified":"2026-04-16T17:02:50","modified_gmt":"2026-04-16T17:02:50","slug":"lula-e-janja-trocaram-mensagens-com-choquei-cujo-dono-foi-preso-pela-pf-paulo-figueiredo","status":"publish","type":"post","link":"https:\/\/tvbrazilusa.com\/pt\/2026\/04\/16\/lula-e-janja-trocaram-mensagens-com-choquei-cujo-dono-foi-preso-pela-pf-paulo-figueiredo\/","title":{"rendered":"Lula e Janja trocaram mensagens com Choquei, cujo dono foi preso pela PF &#8211; Paulo Figueiredo"},"content":{"rendered":"<p> <script async src=\"https:\/\/pagead2.googlesyndication.com\/pagead\/js\/adsbygoogle.js?client=ca-pub-8864793242727901\"\r\n     crossorigin=\"anonymous\"><\/script><br \/>\n<\/p>\n<div id=\"wtr-content\" data-bg=\"#FFFFFF\" data-fg=\"#006d91\" data-width=\"25\" data-mute=\"1\" data-fgopacity=\"1.00\" data-mutedopacity=\"0.5\" data-placement=\"bottom\" data-placement-offset=\"0\" data-content-offset=\"262\" data-placement-touch=\"bottom\" data-placement-offset-touch=\"0\" data-transparent=\"\" data-shadow=\"0\" data-touch=\"1\" data-non-touch=\"1\" data-comments=\"0\" data-commentsbg=\"transparent\" data-location=\"page\" data-mutedfg=\"#006d91\" data-endfg=\"#006d91\" data-rtl=\"\">\n<h4 class=\"wp-block-heading\">Raphael Sousa Oliveira foi preso nesta quarta-feira, 15, em opera\u00e7\u00e3o da Pol\u00edcia Federal que apura lavagem de dinheiro do PCC<\/h4>\n<p>A\u00a0pris\u00e3o do dono da p\u00e1gina de fofocas Choquei, Raphael Sousa Oliveira, pela\u00a0Pol\u00edcia Federal\u00a0(PF) reacendeu nas redes sociais o hist\u00f3rico detalhado de intera\u00e7\u00f5es entre o perfil, o presidente Luiz In\u00e1cio Lula da Silva e a primeira-dama Janja que incluem epis\u00f3dios desde antes da campanha eleitoral de 2022 at\u00e9 o in\u00edcio do atual governo. Raphael chegou a ir ao Planalto, a convite de Lula.<\/p>\n<p>A primeira troca p\u00fablica entre Lula e o perfil ocorreu em 2 de dezembro de 2021, quando a Choquei publicou um trecho de entrevista do ent\u00e3o ex-presidente ao podcast<em>\u00a0PodPah<\/em>. Lula repostou o conte\u00fado com emojis de fogo e, no dia seguinte, passou a seguir a p\u00e1gina.<\/p>\n<p>Ao longo de 2022, a aproxima\u00e7\u00e3o se intensificou no contexto da disputa presidencial. O apoio digital contribuiu para ampliar o engajamento do petista nas redes durante a campanha.<\/p>\n<p>Em reuni\u00e3o virtual com influenciadores, em 18 de outubro, Lula orientou que os comunicadores n\u00e3o se concentrassem em rebater publica\u00e7\u00f5es de advers\u00e1rios, mas na divulga\u00e7\u00e3o de propostas e realiza\u00e7\u00f5es de seus governos anteriores. Em dezembro de 2022, pouco antes da posse, respondeu de forma bem-humorada a uma publica\u00e7\u00e3o do perfil com um simples \u201cAl\u00f4?\u201d.<\/p>\n<figure class=\"wp-block-image aligncenter\"><img decoding=\"async\" src=\"https:\/\/medias.revistaoeste.com\/wp-content\/uploads\/2026\/04\/x-lula-choquei1.jpeg\" alt=\"Dono da Choquei tinha proximidade com Lula e Janja\" class=\"wp-image-2380576\"\/><figcaption class=\"wp-element-caption\">Foto: Reprodu\u00e7\u00e3o\/X<\/figcaption><\/figure>\n<p>Depois das\u00a0elei\u00e7\u00f5es, Lula manteve intera\u00e7\u00f5es pontuais com a Choquei. Em fevereiro de 2023, Lula recebeu Raphael e outros\u00a0<em>influencers\u00a0<\/em>no Pal\u00e1cio do Planalto. Nas redes, em mar\u00e7o de 2023, comentou uma postagem sobre o tamanho de sua x\u00edcara de caf\u00e9 e disse: \u201c\u00c9 pra tomar menos caf\u00e9\u201d.<\/p>\n<p>Outras intera\u00e7\u00f5es inclu\u00edram rea\u00e7\u00f5es a conte\u00fados de car\u00e1ter pessoal e simb\u00f3lico. Em julho de 2023, Lula respondeu com um emoji de cora\u00e7\u00e3o a um v\u00eddeo em que aparecia emocionado durante um show da cantora Maria Rita.<\/p>\n<figure class=\"wp-block-image aligncenter\"><img decoding=\"async\" src=\"https:\/\/medias.revistaoeste.com\/wp-content\/uploads\/2026\/04\/x-lula-choquei9.jpeg\" alt=\"Dono da Choquei tinha proximidade com Lula e Janja\" class=\"wp-image-2380577\"\/><figcaption class=\"wp-element-caption\">Foto: Reprodu\u00e7\u00e3o\/X<\/figcaption><\/figure>\n<p>No 7 de Setembro de 2023, Lula repostou um v\u00eddeo em que aparece colhendo jabuticaba no Pal\u00e1cio da Alvorada com a frase \u201cQuem planta, colhe\u201d. Em dezembro daquele ano, na \u00faltima intera\u00e7\u00e3o registrada, comentou uma publica\u00e7\u00e3o da Choquei sobre o Brasil ter se tornado a nona maior economia do mundo: \u201cVoc\u00eas n\u00e3o sabem o trabalho que d\u00e1 para ter tanta sorte\u201d.<\/p>\n<p>A rela\u00e7\u00e3o tamb\u00e9m se estendeu \u00e0 primeira-dama. Janja interagiu com frequ\u00eancia com o perfil entre julho de 2022 e outubro de 2023, especialmente em publica\u00e7\u00f5es que envolveram Lula e temas pessoais, como fotos das cachorras do casal, Paris e Resist\u00eancia.<\/p>\n<p>Durante a campanha, ela chegou a enviar imagens de bastidores de debates para divulga\u00e7\u00e3o exclusiva pela p\u00e1gina.<\/p>\n<figure class=\"wp-block-image aligncenter\"><img decoding=\"async\" src=\"https:\/\/medias.revistaoeste.com\/wp-content\/uploads\/2026\/04\/x-lula-choquei1-1.jpeg\" alt=\"Dono da Choquei tinha proximidade com Lula e Janja\" class=\"wp-image-2380578\"\/><figcaption class=\"wp-element-caption\">Foto: Reprodu\u00e7\u00e3o\/X<\/figcaption><\/figure>\n<p>O v\u00ednculo se refletiu ainda em gestos de proximidade. Raphael foi convidado a subir no carro de som da campanha e acompanhar o discurso da vit\u00f3ria de Lula depois do resultado das elei\u00e7\u00f5es de 2022. Em fevereiro de 2023, j\u00e1 no governo, ele participou de um encontro no Pal\u00e1cio do Planalto com o presidente, Janja, artistas e outros influenciadores.<\/p>\n<p>Em entrevistas, o pr\u00f3prio influenciador reconheceu que sua atua\u00e7\u00e3o pode ter contribu\u00eddo para a elei\u00e7\u00e3o de Lula e afirmou que toda a sua equipe era favor\u00e1vel ao petista. Segundo ele, entretanto, o engajamento pol\u00edtico tinha mais a ver com o fato de ele ser contra o ent\u00e3o presidente Jair Bolsonaro.<\/p>\n<p>Com mais de 27 milh\u00f5es de seguidores no Instagram e 9,4 milh\u00f5es no X, a Choquei ampliou seu alcance para al\u00e9m do entretenimento e passou a abordar temas pol\u00edticos, incluindo conte\u00fados favor\u00e1veis a Lula.<\/p>\n<p>A p\u00e1gina atuou na divulga\u00e7\u00e3o de informa\u00e7\u00f5es falsas. Em uma publica\u00e7\u00e3o, a Choquei atribu\u00eda \u00e0 senadora Damares Alves (Republicanos-DF) uma tentativa de impedir envio de leitos de UTI e \u00e1gua pot\u00e1vel a ind\u00edgenas.<\/p>\n<h4 class=\"wp-block-heading\" id=\"h-dono-da-choquei-foi-preso-por-suspeita-de-lavagem-de-dinheiro\">Dono da Choquei foi preso por suspeita de lavagem de dinheiro<\/h4>\n<p>Raphael foi preso na quarta-feira, 15, em Goi\u00e2nia. A Opera\u00e7\u00e3o Narco Fluxo mobilizou mais de 200 policiais federais e cumpriu 39 mandados de pris\u00e3o tempor\u00e1ria e 45 de busca e apreens\u00e3o em nove Estados e no Distrito Federal.<\/p>\n<p>Segundo as investiga\u00e7\u00f5es,\u00a0o grupo utilizava movimenta\u00e7\u00f5es financeiras de alto valor, transporte de dinheiro em esp\u00e9cie e criptoativos para ocultar a origem de recursos il\u00edcitos. Tamb\u00e9m foram presos os funkeiros MC Ryan SP e MC Poze do Rodo.<\/p>\n<p><strong><a href=\"https:\/\/revistaoeste.com\/politica\/lula-e-janja-trocaram-mensagens-com-choquei-cujo-dono-foi-preso-pela-pf\/\">Cr\u00e9dito Revista Oeste<\/a><\/strong><\/p>\n<\/div>\n<p><br \/>\n<br \/><a href=\"https:\/\/paulofigueiredoshow.com\/lula-e-janja-trocaram-mensagens-com-choquei-cujo-dono-foi-preso-pela-pf\/\">Source link <\/a><\/p>","protected":false},"excerpt":{"rendered":"<p>Raphael Sousa Oliveira foi preso nesta quarta-feira, 15, em opera\u00e7\u00e3o da Pol\u00edcia Federal que apura lavagem de dinheiro do PCC A\u00a0pris\u00e3o do dono da p\u00e1gina de fofocas Choquei, Raphael Sousa&hellip;<\/p>","protected":false},"author":1,"featured_media":129655,"comment_status":"closed","ping_status":"open","sticky":false,"template":"","format":"standard","meta":{"content-type":"","footnotes":""},"categories":[16],"tags":[],"class_list":["post-129654","post","type-post","status-publish","format-standard","has-post-thumbnail","hentry","category-noticias"],"_links":{"self":[{"href":"https:\/\/tvbrazilusa.com\/pt\/wp-json\/wp\/v2\/posts\/129654","targetHints":{"allow":["GET"]}}],"collection":[{"href":"https:\/\/tvbrazilusa.com\/pt\/wp-json\/wp\/v2\/posts"}],"about":[{"href":"https:\/\/tvbrazilusa.com\/pt\/wp-json\/wp\/v2\/types\/post"}],"author":[{"embeddable":true,"href":"https:\/\/tvbrazilusa.com\/pt\/wp-json\/wp\/v2\/users\/1"}],"replies":[{"embeddable":true,"href":"https:\/\/tvbrazilusa.com\/pt\/wp-json\/wp\/v2\/comments?post=129654"}],"version-history":[{"count":1,"href":"https:\/\/tvbrazilusa.com\/pt\/wp-json\/wp\/v2\/posts\/129654\/revisions"}],"predecessor-version":[{"id":129656,"href":"https:\/\/tvbrazilusa.com\/pt\/wp-json\/wp\/v2\/posts\/129654\/revisions\/129656"}],"wp:featuredmedia":[{"embeddable":true,"href":"https:\/\/tvbrazilusa.com\/pt\/wp-json\/wp\/v2\/media\/129655"}],"wp:attachment":[{"href":"https:\/\/tvbrazilusa.com\/pt\/wp-json\/wp\/v2\/media?parent=129654"}],"wp:term":[{"taxonomy":"category","embeddable":true,"href":"https:\/\/tvbrazilusa.com\/pt\/wp-json\/wp\/v2\/categories?post=129654"},{"taxonomy":"post_tag","embeddable":true,"href":"https:\/\/tvbrazilusa.com\/pt\/wp-json\/wp\/v2\/tags?post=129654"}],"curies":[{"name":"wp","href":"https:\/\/api.w.org\/{rel}","templated":true}]}}