{"id":129661,"date":"2026-04-16T17:24:10","date_gmt":"2026-04-16T17:24:10","guid":{"rendered":"https:\/\/tvbrazilusa.com\/2026\/04\/16\/vinganca-diz-ex-ministra-do-stj-sobre-representacao-de-gilmar-contra-senador-paulo-figueiredo\/"},"modified":"2026-04-16T17:28:54","modified_gmt":"2026-04-16T17:28:54","slug":"vinganca-diz-ex-ministra-do-stj-sobre-representacao-de-gilmar-contra-senador-paulo-figueiredo","status":"publish","type":"post","link":"https:\/\/tvbrazilusa.com\/pt\/2026\/04\/16\/vinganca-diz-ex-ministra-do-stj-sobre-representacao-de-gilmar-contra-senador-paulo-figueiredo\/","title":{"rendered":"&#8216;Vingan\u00e7a&#8217;, diz ex-ministra do STJ sobre representa\u00e7\u00e3o de Gilmar contra senador &#8211; Paulo Figueiredo"},"content":{"rendered":"<p> <script async src=\"https:\/\/pagead2.googlesyndication.com\/pagead\/js\/adsbygoogle.js?client=ca-pub-8864793242727901\"\r\n     crossorigin=\"anonymous\"><\/script><br \/>\n<\/p>\n<div id=\"wtr-content\" data-bg=\"#FFFFFF\" data-fg=\"#006d91\" data-width=\"25\" data-mute=\"1\" data-fgopacity=\"1.00\" data-mutedopacity=\"0.5\" data-placement=\"bottom\" data-placement-offset=\"0\" data-content-offset=\"262\" data-placement-touch=\"bottom\" data-placement-offset-touch=\"0\" data-transparent=\"\" data-shadow=\"0\" data-touch=\"1\" data-non-touch=\"1\" data-comments=\"0\" data-commentsbg=\"transparent\" data-location=\"page\" data-mutedfg=\"#006d91\" data-endfg=\"#006d91\" data-rtl=\"\">\n<h4 class=\"wp-block-heading\">Eliana Calmon defende prerrogativas da CPI e atua\u00e7\u00e3o de Alessandro Vieira<\/h4>\n<p>A ex-ministra do\u00a0Superior Tribunal de Justi\u00e7a (STJ)\u00a0Eliana Calmon afirmou que a representa\u00e7\u00e3o do ministro Gilmar Mendes, do Supremo Tribunal Federal (STF), contra o senador Alessandro Vieira (MDB-SE) foi um ato de vingan\u00e7a. Segundo a magistrada aposentada, a medida busca evitar cr\u00edticas a membros da Corte.<\/p>\n<p>\u201cHouve uma precipita\u00e7\u00e3o para, a\u00e7odadamente, representar contra o senador\u201d, declarou Eliana. \u201cIsso \u00e9 que me parece uma vingan\u00e7a e uma revanche.\u201d Em seguida, ela disse que integrantes do STF n\u00e3o s\u00e3o infal\u00edveis e devem responder por eventuais irregularidades. \u201cAo se afastar das normas constitucionais e comportamentais, eles podem ser examinados do ponto de vista penal como qualquer outro brasileiro\u201d, disse.<\/p>\n<p>A ex-ministra disse ainda que o STF tende a confundir cr\u00edticas individuais com ataques \u00e0 democracia ou \u00e0 institui\u00e7\u00e3o. \u201cEm verdade, o STF \u00e9 um tribunal que n\u00e3o aceita que haja qualquer cr\u00edtica a qualquer membro\u201d, continuou. \u201cO que eles dizem que \u00e9 ir contra a democracia. Ora, eles n\u00e3o s\u00e3o a democracia, eles n\u00e3o s\u00e3o a na\u00e7\u00e3o brasileira e n\u00e3o s\u00e3o o STF. Eles s\u00e3o membros do STF.\u201d<\/p>\n<h4 class=\"wp-block-heading\" id=\"h-gilmar-mendes-acusa-alessandro-vieira-de-abuso-de-autoridade\"><strong>Gilmar Mendes acusa Alessandro Vieira de abuso de autoridade<\/strong><\/h4>\n<p>Gilmar enviou um of\u00edcio \u00e0\u00a0Procuradoria-Geral da Rep\u00fablica (PGR)\u00a0contra Alessandro Vieira, relator da Comiss\u00e3o Parlamentar de Inqu\u00e9rito (CPI) do Crime Organizado. O ministro acusa o senador de desvio de finalidade e abuso de autoridade.<\/p>\n<p>No relat\u00f3rio final da comiss\u00e3o, Vieira prop\u00f4s o indiciamento de ministros do STF por crime de responsabilidade. A CPI, no entanto, rejeitou o relat\u00f3rio.<\/p>\n<p>Eliana, por sua vez, refutou a tese de abuso de autoridade por parte de Alessandro Vieira. \u201cO senador agiu como qualquer autoridade judici\u00e1ria quando est\u00e1 \u00e0 frente de uma investiga\u00e7\u00e3o em processo antes da den\u00fancia\u201d, afirmou. \u201cA Constitui\u00e7\u00e3o d\u00e1 aos presidentes de CPIs investiga\u00e7\u00e3o aos presidentes das CPIs pela Constitui\u00e7\u00e3o. \u00c9 o que ele fez. Ele n\u00e3o agiu com abuso de autoridade, na medida em que estava imbu\u00eddo de autoridade constitucional.\u201d<\/p>\n<p><strong><a href=\"https:\/\/revistaoeste.com\/politica\/vinganca-revanche-diz-ex-ministra-do-stj-de-representacao-de-gilmar-mendes-contra-senador\/\">Cr\u00e9dito Revista Oeste<\/a><\/strong><\/p>\n<\/div>\n<p><br \/>\n<br \/><a href=\"https:\/\/paulofigueiredoshow.com\/vinganca-diz-ex-ministra-do-stj-sobre-representacao-de-gilmar-contra-senador\/\">Source link <\/a><\/p>","protected":false},"excerpt":{"rendered":"<p>Eliana Calmon defende prerrogativas da CPI e atua\u00e7\u00e3o de Alessandro Vieira A ex-ministra do\u00a0Superior Tribunal de Justi\u00e7a (STJ)\u00a0Eliana Calmon afirmou que a representa\u00e7\u00e3o do ministro Gilmar Mendes, do Supremo Tribunal&hellip;<\/p>","protected":false},"author":1,"featured_media":52977,"comment_status":"closed","ping_status":"open","sticky":false,"template":"","format":"standard","meta":{"content-type":"","footnotes":""},"categories":[16],"tags":[],"class_list":["post-129661","post","type-post","status-publish","format-standard","has-post-thumbnail","hentry","category-noticias"],"_links":{"self":[{"href":"https:\/\/tvbrazilusa.com\/pt\/wp-json\/wp\/v2\/posts\/129661","targetHints":{"allow":["GET"]}}],"collection":[{"href":"https:\/\/tvbrazilusa.com\/pt\/wp-json\/wp\/v2\/posts"}],"about":[{"href":"https:\/\/tvbrazilusa.com\/pt\/wp-json\/wp\/v2\/types\/post"}],"author":[{"embeddable":true,"href":"https:\/\/tvbrazilusa.com\/pt\/wp-json\/wp\/v2\/users\/1"}],"replies":[{"embeddable":true,"href":"https:\/\/tvbrazilusa.com\/pt\/wp-json\/wp\/v2\/comments?post=129661"}],"version-history":[{"count":1,"href":"https:\/\/tvbrazilusa.com\/pt\/wp-json\/wp\/v2\/posts\/129661\/revisions"}],"predecessor-version":[{"id":129662,"href":"https:\/\/tvbrazilusa.com\/pt\/wp-json\/wp\/v2\/posts\/129661\/revisions\/129662"}],"wp:featuredmedia":[{"embeddable":true,"href":"https:\/\/tvbrazilusa.com\/pt\/wp-json\/wp\/v2\/media\/52977"}],"wp:attachment":[{"href":"https:\/\/tvbrazilusa.com\/pt\/wp-json\/wp\/v2\/media?parent=129661"}],"wp:term":[{"taxonomy":"category","embeddable":true,"href":"https:\/\/tvbrazilusa.com\/pt\/wp-json\/wp\/v2\/categories?post=129661"},{"taxonomy":"post_tag","embeddable":true,"href":"https:\/\/tvbrazilusa.com\/pt\/wp-json\/wp\/v2\/tags?post=129661"}],"curies":[{"name":"wp","href":"https:\/\/api.w.org\/{rel}","templated":true}]}}