{"id":129670,"date":"2026-04-16T17:45:16","date_gmt":"2026-04-16T17:45:16","guid":{"rendered":"https:\/\/tvbrazilusa.com\/2026\/04\/16\/trump-anuncia-cessar-fogo-de-10-dias-entre-israel-e-libano-paulo-figueiredo\/"},"modified":"2026-04-16T17:46:54","modified_gmt":"2026-04-16T17:46:54","slug":"trump-anuncia-cessar-fogo-de-10-dias-entre-israel-e-libano-paulo-figueiredo","status":"publish","type":"post","link":"https:\/\/tvbrazilusa.com\/pt\/2026\/04\/16\/trump-anuncia-cessar-fogo-de-10-dias-entre-israel-e-libano-paulo-figueiredo\/","title":{"rendered":"Trump anuncia cessar-fogo de 10 dias entre Israel e L\u00edbano &#8211; Paulo Figueiredo"},"content":{"rendered":"<p> <script async src=\"https:\/\/pagead2.googlesyndication.com\/pagead\/js\/adsbygoogle.js?client=ca-pub-8864793242727901\"\r\n     crossorigin=\"anonymous\"><\/script><br \/>\n<\/p>\n<div id=\"wtr-content\" data-bg=\"#FFFFFF\" data-fg=\"#006d91\" data-width=\"25\" data-mute=\"1\" data-fgopacity=\"1.00\" data-mutedopacity=\"0.5\" data-placement=\"bottom\" data-placement-offset=\"0\" data-content-offset=\"262\" data-placement-touch=\"bottom\" data-placement-offset-touch=\"0\" data-transparent=\"\" data-shadow=\"0\" data-touch=\"1\" data-non-touch=\"1\" data-comments=\"0\" data-commentsbg=\"transparent\" data-location=\"page\" data-mutedfg=\"#006d91\" data-endfg=\"#006d91\" data-rtl=\"\">\n<h4 class=\"wp-block-heading\">Republicano disse que tr\u00e9gua foi acordada ap\u00f3s conversa entre Rubio, Netanyahu e o presidente liban\u00eas, Joseph Aoun<\/h4>\n<p>O presidente dos Estados Unidos,\u00a0Donald Trump\u00a0(Partido Republicano), anunciou nesta 5\u00aa feira um cessar-fogo de 10 dias entre Israel e L\u00edbano. De acordo com o norte-americano, a decis\u00e3o foi tomada depois do encontro entre os l\u00edderes dos pa\u00edses em Washington. A reuni\u00e3o foi mediada pelo secret\u00e1rio de Estado norte-americano,\u00a0Marco Rubio.<\/p>\n<p>O republicano, que conversou com o primeiro-ministro de Israel,\u00a0Benjamin Netanyahu\u00a0(Likud, direita), e com o presidente liban\u00eas, Joseph Aoun (independente), disse ter inten\u00e7\u00e3o de resolver o conflito entre os pa\u00edses. Segundo ele, seria a 10\u00aa guerra a ser apaziguada durante o seu mandato como presidente dos Estados Unidos.<\/p>\n<p>O vice-presidente norte-americano,\u00a0JD Vance\u00a0(Partido Republicano), e o Chefe do Estado-Maior Conjunto, Dan Caine, tamb\u00e9m trabalhar\u00e3o nas negocia\u00e7\u00f5es para um cessar-fogo permanente.<\/p>\n<figure class=\"wp-block-image aligncenter\"><\/figure>\n<p><em>\u201cInstru\u00ed o Vice-Presidente JD Vance e o Secret\u00e1rio de Estado Rubio, juntamente com o Chefe do Estado-Maior Conjunto, Dan Razin\u2019 Caine, a trabalharem com Israel e o L\u00edbano para alcan\u00e7ar uma PAZ duradoura. Foi uma honra para mim resolver 9 guerras ao redor do mundo, e esta ser\u00e1 a d\u00e9cima, ent\u00e3o vamos CONSEGUIR!\u201d<\/em>, escreveu Trump na rede Truth Social.<\/p>\n<p>Trump tamb\u00e9m afirmou que convidar\u00e1 Netanyahu e Aoun para uma conversa conjunta na Casa Branca. No entanto, n\u00e3o confirmou a data.<\/p>\n<p><em>\u201cConvidarei o primeiro-ministro de Israel, Bibi Netanyahu, e o presidente do L\u00edbano, Joseph Aoun, \u00e0 Casa Branca para as primeiras conversas significativas entre Israel e L\u00edbano desde 1983, h\u00e1 muito tempo atr\u00e1s. Ambos os lados querem ver a PAZ, e acredito que isso acontecer\u00e1, e em breve!\u201d<\/em>, declarou o presidente norte-americano.<\/p>\n<h4 class=\"wp-block-heading\">CESSAR-FOGO<\/h4>\n<p>Os Estados Unidos, que est\u00e3o em tr\u00e9gua tempor\u00e1ria na guerra contra o Ir\u00e3 desde 8 de abril,\u00a0exclu\u00edram\u00a0o L\u00edbano das regi\u00f5es com um cessar-fogo v\u00e1lido. \u00a0Com isso, Israel tem conduzido opera\u00e7\u00f5es militares no L\u00edbano contra alvos do grupo extremista Hezbollah. As\u00a0ofensivas\u00a0dificultam as negocia\u00e7\u00f5es para encerrar a guerra entre israelenses e norte-americanos contra o Ir\u00e3.<\/p>\n<p>Inicialmente, o pa\u00eds n\u00e3o foi mencionado por Trump como uma exce\u00e7\u00e3o ao cessar-fogo no Oriente M\u00e9dio. Ap\u00f3s uma conversa telef\u00f4nica entre Trump e Netanyahu, os Estados Unidos passaram a afirmar que o L\u00edbano n\u00e3o fazia parte do acordo de cessar-fogo. Segundo Washington, houve um mal-entendido por parte dos iranianos.<\/p>\n<p>A situa\u00e7\u00e3o levou o Ir\u00e3 a fechar novamente o estreito de Ormuz. A passagem havia sido brevemente reaberta como parte da tr\u00e9gua acordada. Segundo os iranianos, a decis\u00e3o de Israel de continuar a ofensiva contra o L\u00edbano configurou uma viola\u00e7\u00e3o do cessar-fogo.<\/p>\n<p><strong><a href=\"https:\/\/www.poder360.com.br\/poder-internacional\/trump-anuncia-cessar-fogo-de-10-dias-entre-israel-e-libano\/\">Cr\u00e9dito Poder360<\/a><\/strong><\/p>\n<\/div>\n<p><br \/>\n<br \/><a href=\"https:\/\/paulofigueiredoshow.com\/trump-anuncia-cessar-fogo-de-10-dias-entre-israel-e-libano\/\">Source link <\/a><\/p>","protected":false},"excerpt":{"rendered":"<p>Republicano disse que tr\u00e9gua foi acordada ap\u00f3s conversa entre Rubio, Netanyahu e o presidente liban\u00eas, Joseph Aoun O presidente dos Estados Unidos,\u00a0Donald Trump\u00a0(Partido Republicano), anunciou nesta 5\u00aa feira um cessar-fogo&hellip;<\/p>","protected":false},"author":1,"featured_media":129671,"comment_status":"closed","ping_status":"open","sticky":false,"template":"","format":"standard","meta":{"content-type":"","footnotes":""},"categories":[16],"tags":[],"class_list":["post-129670","post","type-post","status-publish","format-standard","has-post-thumbnail","hentry","category-noticias"],"_links":{"self":[{"href":"https:\/\/tvbrazilusa.com\/pt\/wp-json\/wp\/v2\/posts\/129670","targetHints":{"allow":["GET"]}}],"collection":[{"href":"https:\/\/tvbrazilusa.com\/pt\/wp-json\/wp\/v2\/posts"}],"about":[{"href":"https:\/\/tvbrazilusa.com\/pt\/wp-json\/wp\/v2\/types\/post"}],"author":[{"embeddable":true,"href":"https:\/\/tvbrazilusa.com\/pt\/wp-json\/wp\/v2\/users\/1"}],"replies":[{"embeddable":true,"href":"https:\/\/tvbrazilusa.com\/pt\/wp-json\/wp\/v2\/comments?post=129670"}],"version-history":[{"count":1,"href":"https:\/\/tvbrazilusa.com\/pt\/wp-json\/wp\/v2\/posts\/129670\/revisions"}],"predecessor-version":[{"id":129672,"href":"https:\/\/tvbrazilusa.com\/pt\/wp-json\/wp\/v2\/posts\/129670\/revisions\/129672"}],"wp:featuredmedia":[{"embeddable":true,"href":"https:\/\/tvbrazilusa.com\/pt\/wp-json\/wp\/v2\/media\/129671"}],"wp:attachment":[{"href":"https:\/\/tvbrazilusa.com\/pt\/wp-json\/wp\/v2\/media?parent=129670"}],"wp:term":[{"taxonomy":"category","embeddable":true,"href":"https:\/\/tvbrazilusa.com\/pt\/wp-json\/wp\/v2\/categories?post=129670"},{"taxonomy":"post_tag","embeddable":true,"href":"https:\/\/tvbrazilusa.com\/pt\/wp-json\/wp\/v2\/tags?post=129670"}],"curies":[{"name":"wp","href":"https:\/\/api.w.org\/{rel}","templated":true}]}}