{"id":129679,"date":"2026-04-16T17:30:00","date_gmt":"2026-04-16T17:30:00","guid":{"rendered":"https:\/\/tvbrazilusa.com\/2026\/04\/16\/primeira-medida-como-presidente-sera-propor-novo-supremo\/"},"modified":"2026-04-16T18:17:59","modified_gmt":"2026-04-16T18:17:59","slug":"primeira-medida-como-presidente-sera-propor-novo-supremo","status":"publish","type":"post","link":"https:\/\/tvbrazilusa.com\/pt\/2026\/04\/16\/primeira-medida-como-presidente-sera-propor-novo-supremo\/","title":{"rendered":"Primeira medida como presidente ser\u00e1 propor &#8220;novo Supremo&#8221;"},"content":{"rendered":"<p> <script async src=\"https:\/\/pagead2.googlesyndication.com\/pagead\/js\/adsbygoogle.js?client=ca-pub-8864793242727901\"\r\n     crossorigin=\"anonymous\"><\/script><br \/>\n<\/p>\n<div id=\"cd-article-content\">\n<p>Durante o lan\u00e7amento de seu plano de governo, o ex-governador de <strong><a href=\"https:\/\/www.mg.gov.br\/\" target=\"_blank\" rel=\"noopener\">Minas Gerais (MG)<\/a><\/strong> <strong><a href=\"https:\/\/claudiodantas.com.br\/tag\/zema\/\" data-type=\"post_tag\" data-id=\"5145\">Romeu Zema (Novo)<\/a><\/strong> afirmou nesta manh\u00e3 (16) que sua 1\u00aa medida como <strong><a href=\"https:\/\/claudiodantas.com.br\/tag\/presidente-da-republica\/\" data-type=\"post_tag\" data-id=\"1747\">presidente da Rep\u00fablica<\/a><\/strong>, caso seja eleito neste ano, ser\u00e1 propor um <strong><a href=\"https:\/\/claudiodantas.com.br\/tag\/stf\/\" data-type=\"post_tag\" data-id=\"8700\">\u201cnovo Supremo\u201d<\/a><\/strong>.<\/p>\n<p><a href=\"https:\/\/whatsapp.com\/channel\/0029VaTFkH2HVvTbkE883x1x\" target=\"_blank\" class=\"whatsapp-channel-message\" rel=\"noopener\">\u2705 Siga o canal do Claudio Dantas no WhatsApp<\/a><\/p>\n<p><strong>O plano de governo do mineiro \u00e9 centrado em tr\u00eas pilares:<\/strong> \u201cAcabar com a farra dos intoc\u00e1veis\u201d, \u201cFazer o dinheiro do brasileiro voltar a valer\u201d e \u201cDevolver o Brasil aos brasileiros de bem\u201d, sendo o primeiro o \u201cmotor\u201d e principal pilar de sua campanha eleitoral.<\/p>\n<p>\u201cEu montei um time [para o plano de governo] para virar a chave da prosperidade no nosso pa\u00eds e para varrer esses intoc\u00e1veis de Bras\u00edlia que acham que s\u00e3o o dono do Brasil\u201d, afirmou o ex-governador de Minas.<\/p>\n<p>\u201cUm Supremo em que seus membros prestem contas dos seus atos. Um Supremo em que parentes de ministros n\u00e3o possam ter neg\u00f3cios jur\u00eddicos\u201d, afirmou Zema em discurso inicial no evento \u201cO Brasil sem intoc\u00e1veis\u201d. \u201cUm Supremo com a idade m\u00ednima de 60 anos e mandato de 15 para que seja a coroa\u00e7\u00e3o de uma carreira irretoc\u00e1vel\u201d.<\/p>\n<p>Para o ex-governador, \u00e9 necess\u00e1ria uma reformula\u00e7\u00e3o do Supremo Tribunal Federal como \u201cprimeiro passo para um programa de moraliza\u00e7\u00e3o do Judici\u00e1rio\u201d como um todo.<\/p>\n<p><strong>Em seu plano de governo, Zema defende, al\u00e9m das propostas j\u00e1 citadas em seu discurso:<\/strong><\/p>\n<ul class=\"wp-block-list\">\n<li>Proibir que um \u00fanico ministro do STF suspenda leis, bloqueie pol\u00edticas p\u00fablicas ou imponha obriga\u00e7\u00f5es ao governo;<\/li>\n<li>Reduzir as mat\u00e9rias que podem ser levadas ao STF, acabando com compet\u00eancias como mat\u00e9rias criminais e tribut\u00e1rias;<\/li>\n<li>Limitar as possibilidades de revers\u00e3o de decis\u00f5es do Congresso pelo STF, \u201cacabando com o ativismo judicial\u201d;<\/li>\n<li>Proibir que os membros do Judici\u00e1rio e dos Tribunais de Contas sejam s\u00f3cios de empresas e participem de eventos que gerem conflito de interesse;<\/li>\n<li>Proibir a indica\u00e7\u00e3o de pol\u00edticos, ministros ou secret\u00e1rios de estado, pessoas com v\u00ednculos partid\u00e1rios e seus parentes para qualquer tribunal;<\/li>\n<li>Indicar ministros do STF com base em crit\u00e9rios t\u00e9cnicos e sem v\u00ednculos pol\u00edticos;<\/li>\n<li>Criar uma corregedoria para o STF;<\/li>\n<li>Tornar obrigat\u00f3ria a investiga\u00e7\u00e3o de ministros do STF quando apoiada pela maioria do Senado ou por iniciativa popular;<\/li>\n<li>E acabar com o foro privilegiado para que nenhum ministro do Supremo use o cargo para coagir senadores.<\/li>\n<\/ul>\n<h3 class=\"wp-block-heading\">\u00a0\u201cN\u00e3o faltam recursos\u201d no Brasil, \u201cmas infelizmente sobram ladr\u00f5es\u201d<\/h3>\n<p>Ainda durante seu discurso inicial, o ex-governador de Minas criticou o atual governo petista e afirmou que ser\u00e1 presidente \u201cpara virar a chave da prosperidade no Brasil, para tirar o governo das costas dos brasileiros de bem\u201d. \u201cChega de governo rico e povo pobre\u201d, defendeu.<\/p>\n<p>\u201cO Brasil n\u00e3o \u00e9 um pa\u00eds fracassado\u201d, afirmou Zema. \u201cO Brasil \u00e9 sim um pa\u00eds roubado. N\u00e3o faltam recursos aqui, mas infelizmente sobram ladr\u00f5es. Eu n\u00e3o me conformo em ver o meu pa\u00eds atolado no atraso criado pela receita fracassada da esquerda e do PT\u201d.<\/p>\n<p>\u201cN\u00e3o me conformo em ver o Brasil ser tomado pelas fac\u00e7\u00f5es criminosas enquanto o Lula fica l\u00e1 de bra\u00e7os cruzados\u201d, disse o ex-governador, destacando, na sequ\u00eancia, que seu plano de governo \u201cprev\u00ea tratar as fac\u00e7\u00f5es criminosas como terroristas\u201d.<\/p>\n<p>Ministros do governo Lula (PT) j\u00e1 se manifestaram diversas vezes contra a equipara\u00e7\u00e3o, pois acreditam que isso abre margem para pa\u00edses, como os EUA, acabarem interferindo em territ\u00f3rio nacional.<\/p>\n<p>Zema tamb\u00e9m disse que seu plano de governo prev\u00ea \u201cpena m\u00ednima de 25 anos para bandido faccionado, sem direito de sa\u00eddinha\u201d e que tamb\u00e9m vai acabar com a \u201chipocrisia da maioridade penal aos 18 anos\u201d: \u201cCrime de adulto vai ter pena de adulto\u201d.<\/p>\n<p>\u201cEu estou convencido de que o brasileiro n\u00e3o quer nada de mais. O brasileiro n\u00e3o quer privil\u00e9gio, ele n\u00e3o quer favor do governo, ele s\u00f3 quer um pa\u00eds normal. Um pa\u00eds onde quem trabalha prospera. Onde o dinheiro das pessoas vale. Onde a lei \u00e9 igual para todo mundo\u201d, afirmou o ex-governador.<\/p>\n<p>\u201cO brasileiro n\u00e3o quer um pa\u00eds perfeito. Ele s\u00f3 quer um pa\u00eds que seja dele outra vez. E n\u00e3o mais o Brasil dos intoc\u00e1veis. \u00c9 agora ou nunca!\u201d, finalizou.<\/p>\n<div class=\"wp-block-image\">\n<figure class=\"aligncenter size-large\"><figcaption class=\"wp-element-caption\"><strong>Foto: Gianlucca Cenciarelli Gattai<\/strong><\/figcaption><\/figure>\n<\/div>\n<\/div>\n<p><script type=\"355e12d14d03629fca87cd38-text\/javascript\">!function(f,b,e,v,n,t,s){if(f.fbq)return;n=f.fbq=function(){n.callMethod?n.callMethod.apply(n,arguments):n.queue.push(arguments)};if(!f._fbq)f._fbq=n;n.push=n;n.loaded=!0;n.version='2.0';n.queue=[];t=b.createElement(e);t.async=!0;t.src=v;s=b.getElementsByTagName(e)[0];s.parentNode.insertBefore(t,s)}(window,document,'script','https:\/\/connect.facebook.net\/en_US\/fbevents.js');fbq('init','1423865622537930');fbq('track','PageView');<\/script><br \/>\n<br \/><br \/>\n<br \/><a href=\"https:\/\/claudiodantas.com.br\/zema-primeira-medida-presidente-novo-supremo\/\">Source link <\/a><\/p>","protected":false},"excerpt":{"rendered":"<p>Durante o lan\u00e7amento de seu plano de governo, o ex-governador de Minas Gerais (MG) Romeu Zema (Novo) afirmou nesta manh\u00e3 (16) que sua 1\u00aa medida como presidente da Rep\u00fablica, caso&hellip;<\/p>","protected":false},"author":1,"featured_media":129680,"comment_status":"closed","ping_status":"open","sticky":false,"template":"","format":"standard","meta":{"content-type":"","footnotes":""},"categories":[16],"tags":[],"class_list":["post-129679","post","type-post","status-publish","format-standard","has-post-thumbnail","hentry","category-noticias"],"_links":{"self":[{"href":"https:\/\/tvbrazilusa.com\/pt\/wp-json\/wp\/v2\/posts\/129679","targetHints":{"allow":["GET"]}}],"collection":[{"href":"https:\/\/tvbrazilusa.com\/pt\/wp-json\/wp\/v2\/posts"}],"about":[{"href":"https:\/\/tvbrazilusa.com\/pt\/wp-json\/wp\/v2\/types\/post"}],"author":[{"embeddable":true,"href":"https:\/\/tvbrazilusa.com\/pt\/wp-json\/wp\/v2\/users\/1"}],"replies":[{"embeddable":true,"href":"https:\/\/tvbrazilusa.com\/pt\/wp-json\/wp\/v2\/comments?post=129679"}],"version-history":[{"count":1,"href":"https:\/\/tvbrazilusa.com\/pt\/wp-json\/wp\/v2\/posts\/129679\/revisions"}],"predecessor-version":[{"id":129681,"href":"https:\/\/tvbrazilusa.com\/pt\/wp-json\/wp\/v2\/posts\/129679\/revisions\/129681"}],"wp:featuredmedia":[{"embeddable":true,"href":"https:\/\/tvbrazilusa.com\/pt\/wp-json\/wp\/v2\/media\/129680"}],"wp:attachment":[{"href":"https:\/\/tvbrazilusa.com\/pt\/wp-json\/wp\/v2\/media?parent=129679"}],"wp:term":[{"taxonomy":"category","embeddable":true,"href":"https:\/\/tvbrazilusa.com\/pt\/wp-json\/wp\/v2\/categories?post=129679"},{"taxonomy":"post_tag","embeddable":true,"href":"https:\/\/tvbrazilusa.com\/pt\/wp-json\/wp\/v2\/tags?post=129679"}],"curies":[{"name":"wp","href":"https:\/\/api.w.org\/{rel}","templated":true}]}}