{"id":129691,"date":"2026-04-16T18:50:09","date_gmt":"2026-04-16T18:50:09","guid":{"rendered":"https:\/\/tvbrazilusa.com\/2026\/04\/16\/marina-silva-lidera-voto-e-rejeicao-ao-senado-em-sp-aponta-parana\/"},"modified":"2026-04-16T18:54:02","modified_gmt":"2026-04-16T18:54:02","slug":"marina-silva-lidera-voto-e-rejeicao-ao-senado-em-sp-aponta-parana","status":"publish","type":"post","link":"https:\/\/tvbrazilusa.com\/pt\/2026\/04\/16\/marina-silva-lidera-voto-e-rejeicao-ao-senado-em-sp-aponta-parana\/","title":{"rendered":"Marina Silva lidera voto e rejei\u00e7\u00e3o ao Senado em SP, aponta Paran\u00e1"},"content":{"rendered":"<p> <script async src=\"https:\/\/pagead2.googlesyndication.com\/pagead\/js\/adsbygoogle.js?client=ca-pub-8864793242727901\"\r\n     crossorigin=\"anonymous\"><\/script><br \/>\n<\/p>\n<div id=\"cd-article-content\">\n<p>A ex-ministra do Meio Ambiente,<a href=\"https:\/\/claudiodantas.com.br\/iniciativa-de-marina-vai-destruir-producao-agricola-e-espalhar-a-fome\/\"> Marina Silva<\/a> (Rede), lidera as inten\u00e7\u00f5es de voto para o Senado em S\u00e3o Paulo, segundo levantamento da <a href=\"https:\/\/paranapesquisas.com.br\/\" target=\"_blank\" rel=\"noopener\">Paran\u00e1 Pesquisas<\/a> divulgado nesta quinta-feira (16). Ao mesmo tempo, ela tamb\u00e9m aparece como a pr\u00e9-candidata com maior \u00edndice de rejei\u00e7\u00e3o.<\/p>\n<p><a href=\"https:\/\/whatsapp.com\/channel\/0029VaTFkH2HVvTbkE883x1x\" target=\"_blank\" class=\"whatsapp-channel-message\" rel=\"noopener\">\u2705 Siga o canal do Claudio Dantas no WhatsApp<\/a><\/p>\n<p>No primeiro cen\u00e1rio, Marina registra 37,8% das inten\u00e7\u00f5es de voto. Em seguida aparecem Simone Tebet (PSB), com 32,9%, Guilherme Derrite (PP), com 27,4%, Ricardo Salles (Novo), com 19,2%, e Paulinho da For\u00e7a (Solidariedade), com 15,1%. Andr\u00e9 do Prado (PL) soma 9,8%. Brancos e nulos representam 12,4%, enquanto 6,8% n\u00e3o souberam responder.<\/p>\n<p>No segundo cen\u00e1rio, Marina tem 37,7%, seguida por Tebet (32,3%), Derrite (26,8%), Salles (18,2%), Paulinho (14,8%) e Mario Frias (PL), com 13,4%. Brancos e nulos somam 12,3%, e indecisos, 6,3%.<\/p>\n<p>No terceiro cen\u00e1rio, Marina aparece com 37,4%. Tebet tem 32,6%, Derrite registra 26,7%, Salles 18,3%, Coronel Mello Ara\u00fajo (PL) 18,1% e Paulinho 13,8%. Brancos e nulos somam 11,9%, e 5,9% n\u00e3o responderam.<\/p>\n<p>No recorte de rejei\u00e7\u00e3o, <a href=\"https:\/\/claudiodantas.com.br\/marina-muda-discurso-aceita-petroleo-amazonia\/\">Marina <\/a>lidera com 28,2%. Na sequ\u00eancia est\u00e3o Paulinho (24,1%), Tebet (19,7%), Coronel Ara\u00fajo (17,8%), Frias (16,3%), Derrite (14,7%), Salles (12,8%) e Prado (11,4%).<\/p>\n<figure class=\"wp-block-image size-large\"><\/figure>\n<p>Entre os entrevistados, 7% afirmaram que votariam em qualquer candidato.<\/p>\n<p>O levantamento ouviu 1.600 eleitores em 80 munic\u00edpios entre os dias 11 e 14 de abril, por meio de entrevistas presenciais. A margem de erro \u00e9 de 2,5 pontos percentuais, com n\u00edvel de confian\u00e7a de 95%. A pesquisa est\u00e1 registrada no Tribunal Superior Eleitoral (TSE) sob o protocolo SP-00378\/2026.<\/p>\n<\/div>\n<p><script type=\"7a1859e2744440b5d0b7d52a-text\/javascript\">!function(f,b,e,v,n,t,s){if(f.fbq)return;n=f.fbq=function(){n.callMethod?n.callMethod.apply(n,arguments):n.queue.push(arguments)};if(!f._fbq)f._fbq=n;n.push=n;n.loaded=!0;n.version='2.0';n.queue=[];t=b.createElement(e);t.async=!0;t.src=v;s=b.getElementsByTagName(e)[0];s.parentNode.insertBefore(t,s)}(window,document,'script','https:\/\/connect.facebook.net\/en_US\/fbevents.js');fbq('init','1423865622537930');fbq('track','PageView');<\/script><br \/>\n<br \/><br \/>\n<br \/><a href=\"https:\/\/claudiodantas.com.br\/marina-silva-lidera-voto-e-rejeicao-ao-senado-em-sp-aponta-parana\/\">Source link <\/a><\/p>","protected":false},"excerpt":{"rendered":"<p>A ex-ministra do Meio Ambiente, Marina Silva (Rede), lidera as inten\u00e7\u00f5es de voto para o Senado em S\u00e3o Paulo, segundo levantamento da Paran\u00e1 Pesquisas divulgado nesta quinta-feira (16). Ao mesmo&hellip;<\/p>","protected":false},"author":1,"featured_media":129692,"comment_status":"closed","ping_status":"open","sticky":false,"template":"","format":"standard","meta":{"content-type":"","footnotes":""},"categories":[16],"tags":[],"class_list":["post-129691","post","type-post","status-publish","format-standard","has-post-thumbnail","hentry","category-noticias"],"_links":{"self":[{"href":"https:\/\/tvbrazilusa.com\/pt\/wp-json\/wp\/v2\/posts\/129691","targetHints":{"allow":["GET"]}}],"collection":[{"href":"https:\/\/tvbrazilusa.com\/pt\/wp-json\/wp\/v2\/posts"}],"about":[{"href":"https:\/\/tvbrazilusa.com\/pt\/wp-json\/wp\/v2\/types\/post"}],"author":[{"embeddable":true,"href":"https:\/\/tvbrazilusa.com\/pt\/wp-json\/wp\/v2\/users\/1"}],"replies":[{"embeddable":true,"href":"https:\/\/tvbrazilusa.com\/pt\/wp-json\/wp\/v2\/comments?post=129691"}],"version-history":[{"count":1,"href":"https:\/\/tvbrazilusa.com\/pt\/wp-json\/wp\/v2\/posts\/129691\/revisions"}],"predecessor-version":[{"id":129693,"href":"https:\/\/tvbrazilusa.com\/pt\/wp-json\/wp\/v2\/posts\/129691\/revisions\/129693"}],"wp:featuredmedia":[{"embeddable":true,"href":"https:\/\/tvbrazilusa.com\/pt\/wp-json\/wp\/v2\/media\/129692"}],"wp:attachment":[{"href":"https:\/\/tvbrazilusa.com\/pt\/wp-json\/wp\/v2\/media?parent=129691"}],"wp:term":[{"taxonomy":"category","embeddable":true,"href":"https:\/\/tvbrazilusa.com\/pt\/wp-json\/wp\/v2\/categories?post=129691"},{"taxonomy":"post_tag","embeddable":true,"href":"https:\/\/tvbrazilusa.com\/pt\/wp-json\/wp\/v2\/tags?post=129691"}],"curies":[{"name":"wp","href":"https:\/\/api.w.org\/{rel}","templated":true}]}}