{"id":129715,"date":"2026-04-16T20:20:00","date_gmt":"2026-04-16T20:20:00","guid":{"rendered":"https:\/\/tvbrazilusa.com\/2026\/04\/16\/nao-prometo-milagre-mas-prometo-melhoria\/"},"modified":"2026-04-16T20:30:52","modified_gmt":"2026-04-16T20:30:52","slug":"nao-prometo-milagre-mas-prometo-melhoria","status":"publish","type":"post","link":"https:\/\/tvbrazilusa.com\/pt\/2026\/04\/16\/nao-prometo-milagre-mas-prometo-melhoria\/","title":{"rendered":"&#8216;N\u00e3o prometo milagre, mas prometo melhoria&#8217;"},"content":{"rendered":"<p> <script async src=\"https:\/\/pagead2.googlesyndication.com\/pagead\/js\/adsbygoogle.js?client=ca-pub-8864793242727901\"\r\n     crossorigin=\"anonymous\"><\/script><br \/>\n<\/p>\n<div id=\"cd-article-content\">\n<p>Em entrevista coletiva, o ex-governador de Minas <strong><a href=\"https:\/\/claudiodantas.com.br\/tag\/zema\/\" data-type=\"post_tag\" data-id=\"5145\">Romeu Zema (Novo)<\/a><\/strong> afirmou nesta tarde (16) que, \u201cna pol\u00edtica, voc\u00ea n\u00e3o muda nada de uma semana para outra\u201d e que \u201cn\u00e3o promete milagre\u201d caso seja eleito <strong><a href=\"https:\/\/www.gov.br\/planalto\/pt-br\" target=\"_blank\" rel=\"noopener\">presidente da Rep\u00fablica<\/a><\/strong>, mas sim \u201cmelhoria\u201d.<\/p>\n<p><a href=\"https:\/\/whatsapp.com\/channel\/0029VaTFkH2HVvTbkE883x1x\" target=\"_blank\" class=\"whatsapp-channel-message\" rel=\"noopener\">\u2705 Siga o canal do Claudio Dantas no WhatsApp<\/a><\/p>\n<p>A declara\u00e7\u00e3o foi feita nesta tarde ap\u00f3s o evento \u201cO Brasil sem intoc\u00e1veis\u201d, onde deu detalhes de seu plano de governo. A resposta foi dada ao comentar a seguinte pergunta feita por este jornalista: \u201cComo combater os \u2018intoc\u00e1veis\u2019 do Supremo [Tribunal Federal] com os \u2018intoc\u00e1veis\u2019 ainda no poder? E o que o senhor faria caso [os ministros] derrubassem suas propostas [sobre o tema]?\u201d.<\/p>\n<p><strong>O plano de governo do mineiro \u00e9 centrado em tr\u00eas pilares:<\/strong> \u201cAcabar com a farra dos intoc\u00e1veis\u201d, \u201cFazer o dinheiro do brasileiro voltar a valer\u201d e \u201cDevolver o Brasil aos brasileiros de bem\u201d, sendo o primeiro o \u201cmotor\u201d e principal pilar de sua campanha eleitoral.<\/p>\n<p>Entre os \u201cintoc\u00e1veis\u201d, Zema destaca os ministros do Supremo Tribunal Federal (STF), a quem direciona diversas cr\u00edticas devido a decis\u00f5es absurdas vindas da Corte.<\/p>\n<p>\u201cNa pol\u00edtica, voc\u00ea n\u00e3o muda nada de uma semana pra outra\u201d, afirmou Zema ao come\u00e7ar sua resposta. \u201cVai ser uma mudan\u00e7a gradual, o Congresso vai ter que avaliar essas mudan\u00e7as nossas aqui, que s\u00e3o v\u00e1rias\u201d.<\/p>\n<p>Em sua vis\u00e3o, a \u201cindigna\u00e7\u00e3o\u201d e o \u201cinconformismo\u201d dos brasileiros \u201cv\u00e3o fazer com que essas mudan\u00e7as sejam implementadas\u201d no pa\u00eds: \u201cN\u00f3s n\u00e3o tivemos grandes mudan\u00e7as p\u00f3s Lava Jato no Brasil? A governan\u00e7a das estatais melhorou, apesar do Lula e o [Ricardo] Lewandowski, que t\u00eam aberto uma brecha ali, nomeado um punhado de gente incompetente e com ficha longe de estar limpa. Mas foi um avan\u00e7o\u201d.<\/p>\n<p>Logo em seguida, Zema come\u00e7ou a criticar o atual governo Lula (PT): \u201cAgora o que esse governo est\u00e1 fazendo s\u00e3o retrocessos. Retrocesso na autonomia do Banco Central, esse presidente gostaria que o Banco Central fosse submisso ao Executivo novamente. Retrocesso da reforma trabalhista, que foi quase toda desfeita j\u00e1, mas o que n\u00f3s precisamos no Brasil s\u00e3o de avan\u00e7os consistentes\u201d.<\/p>\n<p>\u201cN\u00e3o prometo milagre, mas eu prometo melhoria\u201d, afirmou o candidato \u00e0 Presid\u00eancia. \u201cMinas Gerais, em 7 anos e 3 meses, avan\u00e7ou. Eu queria ter feito muito mais. Eu falo que eu fui e sa\u00ed como governador muito frustrado. Eu queria fazer 5 mil coisas, consegui fazer s\u00f3 2 mil, mas antes quem estava l\u00e1 fazia 50. Ent\u00e3o eu acho que temos que encarar nessa linha a\u00ed\u201d.<\/p>\n<p>Zema afirmou que, caso seja eleito presidente, vai fazer \u201ctudo que for poss\u00edvel\u201d para que suas propostas sobre o Supremo sejam implementadas. \u201cE d\u00e1 para fazer muita coisa\u201d, salientou. \u201cE a maior coisa que n\u00f3s vamos fazer ser\u00e1 dar bons exemplos\u201d.<\/p>\n<p>\u201cEu vou ser o presidente que vai falar: \u2018Estou aqui, n\u00e3o tem um parente meu empregado, n\u00e3o tem uma pessoa da minha fam\u00edlia se beneficiando do meu cargo\u2019. E eu quero que todo pol\u00edtico passe, vamos ter uma lei nesse sentido, a mostrar quem s\u00e3o seus parentes que t\u00eam cargo ou que t\u00eam qualquer contrato que possa gerar suspei\u00e7\u00e3o. \u00c9 um direito do brasileiro querer que todo pol\u00edtico mostre suas despesas e seus gastos em aeronaves oficiais e n\u00e3o que fique l\u00e1 sem ambos\u201d, prosseguiu Zema.<\/p>\n<p>\u201cEnt\u00e3o s\u00e3o mudan\u00e7as. Voc\u00ea come\u00e7a a fazer mudan\u00e7a dando um exemplo e n\u00e3o dando esse exemplo que \u00e9 o oposto do que est\u00e1 l\u00e1 em Bras\u00edlia. Esse exemplo que est\u00e1 l\u00e1 hoje \u00e9 para o Brasil mergulhar na criminalidade, no banditismo e na corrup\u00e7\u00e3o\u201d, completou o ex-governador, que finalizou: \u201cIsso \u00e9 que est\u00e1 servindo o exemplo do senhor Alexandre de Moraes e Dias Toffoli\u201d.<\/p>\n<div class=\"wp-block-image\">\n<figure class=\"aligncenter size-large\"><figcaption class=\"wp-element-caption\"><strong>Foto: Gianlucca Cenciarelli Gattai<\/strong><\/figcaption><\/figure>\n<\/div>\n<figure class=\"wp-block-embed aligncenter is-type-wp-embed is-provider-claudio-dantas wp-block-embed-claudio-dantas\"\/>\n<\/div>\n<p><script type=\"e994872a73e782c1ce6ceed0-text\/javascript\">!function(f,b,e,v,n,t,s){if(f.fbq)return;n=f.fbq=function(){n.callMethod?n.callMethod.apply(n,arguments):n.queue.push(arguments)};if(!f._fbq)f._fbq=n;n.push=n;n.loaded=!0;n.version='2.0';n.queue=[];t=b.createElement(e);t.async=!0;t.src=v;s=b.getElementsByTagName(e)[0];s.parentNode.insertBefore(t,s)}(window,document,'script','https:\/\/connect.facebook.net\/en_US\/fbevents.js');fbq('init','1423865622537930');fbq('track','PageView');<\/script><br \/>\n<br \/><br \/>\n<br \/><a href=\"https:\/\/claudiodantas.com.br\/zema-nao-prometo-milagre-eu-prometo-melhoria\/\">Source link <\/a><\/p>","protected":false},"excerpt":{"rendered":"<p>Em entrevista coletiva, o ex-governador de Minas Romeu Zema (Novo) afirmou nesta tarde (16) que, \u201cna pol\u00edtica, voc\u00ea n\u00e3o muda nada de uma semana para outra\u201d e que \u201cn\u00e3o promete&hellip;<\/p>","protected":false},"author":1,"featured_media":129680,"comment_status":"closed","ping_status":"open","sticky":false,"template":"","format":"standard","meta":{"content-type":"","footnotes":""},"categories":[16],"tags":[],"class_list":["post-129715","post","type-post","status-publish","format-standard","has-post-thumbnail","hentry","category-noticias"],"_links":{"self":[{"href":"https:\/\/tvbrazilusa.com\/pt\/wp-json\/wp\/v2\/posts\/129715","targetHints":{"allow":["GET"]}}],"collection":[{"href":"https:\/\/tvbrazilusa.com\/pt\/wp-json\/wp\/v2\/posts"}],"about":[{"href":"https:\/\/tvbrazilusa.com\/pt\/wp-json\/wp\/v2\/types\/post"}],"author":[{"embeddable":true,"href":"https:\/\/tvbrazilusa.com\/pt\/wp-json\/wp\/v2\/users\/1"}],"replies":[{"embeddable":true,"href":"https:\/\/tvbrazilusa.com\/pt\/wp-json\/wp\/v2\/comments?post=129715"}],"version-history":[{"count":1,"href":"https:\/\/tvbrazilusa.com\/pt\/wp-json\/wp\/v2\/posts\/129715\/revisions"}],"predecessor-version":[{"id":129716,"href":"https:\/\/tvbrazilusa.com\/pt\/wp-json\/wp\/v2\/posts\/129715\/revisions\/129716"}],"wp:featuredmedia":[{"embeddable":true,"href":"https:\/\/tvbrazilusa.com\/pt\/wp-json\/wp\/v2\/media\/129680"}],"wp:attachment":[{"href":"https:\/\/tvbrazilusa.com\/pt\/wp-json\/wp\/v2\/media?parent=129715"}],"wp:term":[{"taxonomy":"category","embeddable":true,"href":"https:\/\/tvbrazilusa.com\/pt\/wp-json\/wp\/v2\/categories?post=129715"},{"taxonomy":"post_tag","embeddable":true,"href":"https:\/\/tvbrazilusa.com\/pt\/wp-json\/wp\/v2\/tags?post=129715"}],"curies":[{"name":"wp","href":"https:\/\/api.w.org\/{rel}","templated":true}]}}