{"id":129730,"date":"2026-04-16T21:31:38","date_gmt":"2026-04-16T21:31:38","guid":{"rendered":"https:\/\/tvbrazilusa.com\/2026\/04\/16\/justica-italiana-decide-a-favor-da-extradicao-de-zambelli-paulo-figueiredo\/"},"modified":"2026-04-16T21:32:50","modified_gmt":"2026-04-16T21:32:50","slug":"justica-italiana-decide-a-favor-da-extradicao-de-zambelli-paulo-figueiredo","status":"publish","type":"post","link":"https:\/\/tvbrazilusa.com\/pt\/2026\/04\/16\/justica-italiana-decide-a-favor-da-extradicao-de-zambelli-paulo-figueiredo\/","title":{"rendered":"Justi\u00e7a italiana decide a favor da extradi\u00e7\u00e3o de Zambelli &#8211; Paulo Figueiredo"},"content":{"rendered":"<p> <script async src=\"https:\/\/pagead2.googlesyndication.com\/pagead\/js\/adsbygoogle.js?client=ca-pub-8864793242727901\"\r\n     crossorigin=\"anonymous\"><\/script><br \/>\n<\/p>\n<div id=\"wtr-content\" data-bg=\"#FFFFFF\" data-fg=\"#006d91\" data-width=\"25\" data-mute=\"1\" data-fgopacity=\"1.00\" data-mutedopacity=\"0.5\" data-placement=\"bottom\" data-placement-offset=\"0\" data-content-offset=\"262\" data-placement-touch=\"bottom\" data-placement-offset-touch=\"0\" data-transparent=\"\" data-shadow=\"0\" data-touch=\"1\" data-non-touch=\"1\" data-comments=\"0\" data-commentsbg=\"transparent\" data-location=\"page\" data-mutedfg=\"#006d91\" data-endfg=\"#006d91\" data-rtl=\"\">\n<h4 class=\"wp-block-heading\">Decis\u00e3o envolve caso de persegui\u00e7\u00e3o armada em S\u00e3o Paulo durante as elei\u00e7\u00f5es de 2022<\/h4>\n<p>A Corte de Apela\u00e7\u00e3o da It\u00e1lia decidiu a favor da extradi\u00e7\u00e3o da ex-deputada\u00a0Carla Zambelli\u00a0no caso em que ela responde por perseguir um homem armado em S\u00e3o Paulo durante as elei\u00e7\u00f5es de 2022. A decis\u00e3o representa mais uma derrota da parlamentar no processo de envio ao Brasil.<\/p>\n<p>Os magistrados italianos j\u00e1 haviam se posicionado pela extradi\u00e7\u00e3o em outro processo, relacionado \u00e0 invas\u00e3o ao sistema do Conselho Nacional de Justi\u00e7a. Em ambos os casos, ainda cabe recurso.<\/p>\n<p>Zambelli foi condenada pelo Supremo Tribunal Fderal (STF) a 5 anos e 3 meses de pris\u00e3o por porte ilegal de arma de fogo e constrangimento ilegal com uso de arma. A condena\u00e7\u00e3o se refere ao epis\u00f3dio em que ela perseguiu, com uma pistola em punho, um homem em via p\u00fablica na capital paulista.<\/p>\n<p>Com cidadania italiana, a ex-deputada deixou o Brasil em junho do ano passado, depois de ser condenada em dois processos no STF. Desde ent\u00e3o, \u00e9 considerada foragida da Justi\u00e7a brasileira. Ela est\u00e1 presa no pres\u00eddio feminino de Rebibbia, em Roma.<\/p>\n<p>A defesa de Carla Zambelli protocolou na sexta-feira, 10, um recurso na Corte de Cassa\u00e7\u00e3o de Roma para tentar impedir a extradi\u00e7\u00e3o da ex-parlamentar ao Brasil. O tribunal, que representa a \u00faltima inst\u00e2ncia do Judici\u00e1rio italiano, analisar\u00e1 os aspectos legais do processo sem reavaliar provas. Os magistrados possuem prazo de at\u00e9 seis meses para julgar o pedido.<\/p>\n<p>O advogado F\u00e1bio Pagnozzi sustenta que a \u201chackeragem\u201d, crime digital atribu\u00eddo \u00e0 ex-deputada, n\u00e3o possui equival\u00eancia na legisla\u00e7\u00e3o da\u00a0It\u00e1lia. A aus\u00eancia desse requisito jur\u00eddico \u00e9 um impedimento legal para a extradi\u00e7\u00e3o. A defesa tamb\u00e9m questiona a validade formal do pedido brasileiro e afirma que o documento n\u00e3o partiu da autoridade competente na \u00e9poca.<\/p>\n<p>O recurso reitera pontos apresentados desde o in\u00edcio do caso, como o questionamento sobre a precariedade do sistema carcer\u00e1rio brasileiro. Os advogados Pieremilio Sammarco e F\u00e1bio Pagnozzi tamb\u00e9m criticam a atua\u00e7\u00e3o do ministro Alexandre de Moraes, do\u00a0Supremo Tribunal Federal, e apontam irregularidades processuais na condu\u00e7\u00e3o das a\u00e7\u00f5es no Brasil.<\/p>\n<p><strong><a href=\"https:\/\/revistaoeste.com\/politica\/justica-italiana-decide-a-favor-da-extradicao-de-zambelli\/\">Cr\u00e9dito Revista Oeste<\/a><\/strong><\/p>\n<\/div>\n<p><br \/>\n<br \/><a href=\"https:\/\/paulofigueiredoshow.com\/justica-italiana-decide-a-favor-da-extradicao-de-zambelli\/\">Source link <\/a><\/p>","protected":false},"excerpt":{"rendered":"<p>Decis\u00e3o envolve caso de persegui\u00e7\u00e3o armada em S\u00e3o Paulo durante as elei\u00e7\u00f5es de 2022 A Corte de Apela\u00e7\u00e3o da It\u00e1lia decidiu a favor da extradi\u00e7\u00e3o da ex-deputada\u00a0Carla Zambelli\u00a0no caso em&hellip;<\/p>","protected":false},"author":1,"featured_media":129731,"comment_status":"closed","ping_status":"open","sticky":false,"template":"","format":"standard","meta":{"content-type":"","footnotes":""},"categories":[16],"tags":[],"class_list":["post-129730","post","type-post","status-publish","format-standard","has-post-thumbnail","hentry","category-noticias"],"_links":{"self":[{"href":"https:\/\/tvbrazilusa.com\/pt\/wp-json\/wp\/v2\/posts\/129730","targetHints":{"allow":["GET"]}}],"collection":[{"href":"https:\/\/tvbrazilusa.com\/pt\/wp-json\/wp\/v2\/posts"}],"about":[{"href":"https:\/\/tvbrazilusa.com\/pt\/wp-json\/wp\/v2\/types\/post"}],"author":[{"embeddable":true,"href":"https:\/\/tvbrazilusa.com\/pt\/wp-json\/wp\/v2\/users\/1"}],"replies":[{"embeddable":true,"href":"https:\/\/tvbrazilusa.com\/pt\/wp-json\/wp\/v2\/comments?post=129730"}],"version-history":[{"count":1,"href":"https:\/\/tvbrazilusa.com\/pt\/wp-json\/wp\/v2\/posts\/129730\/revisions"}],"predecessor-version":[{"id":129732,"href":"https:\/\/tvbrazilusa.com\/pt\/wp-json\/wp\/v2\/posts\/129730\/revisions\/129732"}],"wp:featuredmedia":[{"embeddable":true,"href":"https:\/\/tvbrazilusa.com\/pt\/wp-json\/wp\/v2\/media\/129731"}],"wp:attachment":[{"href":"https:\/\/tvbrazilusa.com\/pt\/wp-json\/wp\/v2\/media?parent=129730"}],"wp:term":[{"taxonomy":"category","embeddable":true,"href":"https:\/\/tvbrazilusa.com\/pt\/wp-json\/wp\/v2\/categories?post=129730"},{"taxonomy":"post_tag","embeddable":true,"href":"https:\/\/tvbrazilusa.com\/pt\/wp-json\/wp\/v2\/tags?post=129730"}],"curies":[{"name":"wp","href":"https:\/\/api.w.org\/{rel}","templated":true}]}}