{"id":129742,"date":"2026-04-16T21:48:16","date_gmt":"2026-04-16T21:48:16","guid":{"rendered":"https:\/\/tvbrazilusa.com\/2026\/04\/16\/trump-diz-que-ira-vai-entregar-reservas-de-uranio-enriquecido-paulo-figueiredo\/"},"modified":"2026-04-16T21:51:00","modified_gmt":"2026-04-16T21:51:00","slug":"trump-diz-que-ira-vai-entregar-reservas-de-uranio-enriquecido-paulo-figueiredo","status":"publish","type":"post","link":"https:\/\/tvbrazilusa.com\/pt\/2026\/04\/16\/trump-diz-que-ira-vai-entregar-reservas-de-uranio-enriquecido-paulo-figueiredo\/","title":{"rendered":"Trump diz que Ir\u00e3 vai entregar reservas de ur\u00e2nio enriquecido &#8211; Paulo Figueiredo"},"content":{"rendered":"<p> <script async src=\"https:\/\/pagead2.googlesyndication.com\/pagead\/js\/adsbygoogle.js?client=ca-pub-8864793242727901\"\r\n     crossorigin=\"anonymous\"><\/script><br \/>\n<\/p>\n<div id=\"wtr-content\" data-bg=\"#FFFFFF\" data-fg=\"#006d91\" data-width=\"25\" data-mute=\"1\" data-fgopacity=\"1.00\" data-mutedopacity=\"0.5\" data-placement=\"bottom\" data-placement-offset=\"0\" data-content-offset=\"262\" data-placement-touch=\"bottom\" data-placement-offset-touch=\"0\" data-transparent=\"\" data-shadow=\"0\" data-touch=\"1\" data-non-touch=\"1\" data-comments=\"0\" data-commentsbg=\"transparent\" data-location=\"page\" data-mutedfg=\"#006d91\" data-endfg=\"#006d91\" data-rtl=\"\">\n<h4 class=\"wp-block-heading\">Presidente dos EUA afirma que medida faz parte de negocia\u00e7\u00e3o por acordo de paz; a informa\u00e7\u00e3o n\u00e3o foi confirmada pelo Ir\u00e3<\/h4>\n<p>O presidente dos Estados Unidos,\u00a0Donald Trump\u00a0(Partido Republicano),\u00a0afirmou\u00a0nesta 5\u00aa feira que o Ir\u00e3 concordou em entregar suas reservas de\u00a0ur\u00e2nio enriquecido\u00a0para encerrar o conflito no Oriente M\u00e9dio. A a\u00e7\u00e3o n\u00e3o foi confirmada por autoridades iranianas.<\/p>\n<p>Segundo Trump, a entrega do material, que ele chamou de \u201c<em>p\u00f3 nuclear<\/em>\u201d, faria parte de um poss\u00edvel acordo de paz. Ele disse ainda que h\u00e1 \u201c<em>grande chance<\/em>\u201d de entendimento entre as partes.<\/p>\n<p>O estoque de ur\u00e2nio enriquecido do Ir\u00e3, estimado em 400 kg pela\u00a0<a href=\"https:\/\/www.iaea.org\/\">Aiea<\/a>\u00a0(Ag\u00eancia Internacional de Energia At\u00f4mica), \u00e9 um dos principais pontos de disputa. Os Estados Unidos afirmam que o material ser\u00e1 retirado do pa\u00eds, mas Teer\u00e3 n\u00e3o confirmou publicamente essa possibilidade.<\/p>\n<p>As negocia\u00e7\u00f5es foram retomadas depois de um\u00a0<a href=\"https:\/\/www.poder360.com.br\/poder-internacional\/paquistao-propoe-cessar-fogo-imediato-entre-eua-e-ira\/\">cessar-fogo<\/a>\u00a0tempor\u00e1rio, mediado pelo Paquist\u00e3o, com dura\u00e7\u00e3o prevista de 2 semanas. O prazo pode ser estendido caso haja avan\u00e7o nas tratativas.<\/p>\n<p>Trump tamb\u00e9m disse que pode viajar a Islamabad, capital paquistanesa, para formalizar um eventual acordo. Ele afirmou que o Ir\u00e3 tem demonstrado maior disposi\u00e7\u00e3o para concess\u00f5es em compara\u00e7\u00e3o a meses anteriores.<\/p>\n<p>Apesar do otimismo, autoridades dos EUA mant\u00eam a possibilidade de retomar a\u00e7\u00f5es militares caso n\u00e3o haja acordo. O secret\u00e1rio de Defesa,\u00a0Pete Hegseth\u00a0(Partido Republicano),\u00a0disse\u00a0que o pa\u00eds est\u00e1 preparado para novos ataques, inclusive contra a infraestrutura energ\u00e9tica iraniana.<\/p>\n<p><strong><a href=\"https:\/\/www.poder360.com.br\/poder-internacional\/trump-diz-que-ira-vai-entregar-reservas-de-uranio-enriquecido\/\">Cr\u00e9dito Poder360<\/a><\/strong><\/p>\n<\/div>\n<p><br \/>\n<br \/><a href=\"https:\/\/paulofigueiredoshow.com\/trump-diz-que-ira-vai-entregar-reservas-de-uranio-enriquecido\/\">Source link <\/a><\/p>","protected":false},"excerpt":{"rendered":"<p>Presidente dos EUA afirma que medida faz parte de negocia\u00e7\u00e3o por acordo de paz; a informa\u00e7\u00e3o n\u00e3o foi confirmada pelo Ir\u00e3 O presidente dos Estados Unidos,\u00a0Donald Trump\u00a0(Partido Republicano),\u00a0afirmou\u00a0nesta 5\u00aa feira&hellip;<\/p>","protected":false},"author":1,"featured_media":129202,"comment_status":"closed","ping_status":"open","sticky":false,"template":"","format":"standard","meta":{"content-type":"","footnotes":""},"categories":[16],"tags":[],"class_list":["post-129742","post","type-post","status-publish","format-standard","has-post-thumbnail","hentry","category-noticias"],"_links":{"self":[{"href":"https:\/\/tvbrazilusa.com\/pt\/wp-json\/wp\/v2\/posts\/129742","targetHints":{"allow":["GET"]}}],"collection":[{"href":"https:\/\/tvbrazilusa.com\/pt\/wp-json\/wp\/v2\/posts"}],"about":[{"href":"https:\/\/tvbrazilusa.com\/pt\/wp-json\/wp\/v2\/types\/post"}],"author":[{"embeddable":true,"href":"https:\/\/tvbrazilusa.com\/pt\/wp-json\/wp\/v2\/users\/1"}],"replies":[{"embeddable":true,"href":"https:\/\/tvbrazilusa.com\/pt\/wp-json\/wp\/v2\/comments?post=129742"}],"version-history":[{"count":1,"href":"https:\/\/tvbrazilusa.com\/pt\/wp-json\/wp\/v2\/posts\/129742\/revisions"}],"predecessor-version":[{"id":129743,"href":"https:\/\/tvbrazilusa.com\/pt\/wp-json\/wp\/v2\/posts\/129742\/revisions\/129743"}],"wp:featuredmedia":[{"embeddable":true,"href":"https:\/\/tvbrazilusa.com\/pt\/wp-json\/wp\/v2\/media\/129202"}],"wp:attachment":[{"href":"https:\/\/tvbrazilusa.com\/pt\/wp-json\/wp\/v2\/media?parent=129742"}],"wp:term":[{"taxonomy":"category","embeddable":true,"href":"https:\/\/tvbrazilusa.com\/pt\/wp-json\/wp\/v2\/categories?post=129742"},{"taxonomy":"post_tag","embeddable":true,"href":"https:\/\/tvbrazilusa.com\/pt\/wp-json\/wp\/v2\/tags?post=129742"}],"curies":[{"name":"wp","href":"https:\/\/api.w.org\/{rel}","templated":true}]}}