{"id":129754,"date":"2026-04-16T21:28:28","date_gmt":"2026-04-16T21:28:28","guid":{"rendered":"https:\/\/tvbrazilusa.com\/2026\/04\/16\/homem-usava-decisao-do-stf-para-camuflar-rede-de-trafico-de-drogas-paulo-figueiredo\/"},"modified":"2026-04-16T22:10:47","modified_gmt":"2026-04-16T22:10:47","slug":"homem-usava-decisao-do-stf-para-camuflar-rede-de-trafico-de-drogas-paulo-figueiredo","status":"publish","type":"post","link":"https:\/\/tvbrazilusa.com\/pt\/2026\/04\/16\/homem-usava-decisao-do-stf-para-camuflar-rede-de-trafico-de-drogas-paulo-figueiredo\/","title":{"rendered":"Homem usava decis\u00e3o do STF para camuflar rede de tr\u00e1fico de drogas &#8211; Paulo Figueiredo"},"content":{"rendered":"<p> <script async src=\"https:\/\/pagead2.googlesyndication.com\/pagead\/js\/adsbygoogle.js?client=ca-pub-8864793242727901\"\r\n     crossorigin=\"anonymous\"><\/script><br \/>\n<\/p>\n<div id=\"wtr-content\" data-bg=\"#FFFFFF\" data-fg=\"#006d91\" data-width=\"25\" data-mute=\"1\" data-fgopacity=\"1.00\" data-mutedopacity=\"0.5\" data-placement=\"bottom\" data-placement-offset=\"0\" data-content-offset=\"262\" data-placement-touch=\"bottom\" data-placement-offset-touch=\"0\" data-transparent=\"\" data-shadow=\"0\" data-touch=\"1\" data-non-touch=\"1\" data-comments=\"0\" data-commentsbg=\"transparent\" data-location=\"page\" data-mutedfg=\"#006d91\" data-endfg=\"#006d91\" data-rtl=\"\">\n<h4 class=\"wp-block-heading\">O suspeito usava uma decis\u00e3o do STF que reconhece a descriminaliza\u00e7\u00e3o do porte de 40 gramas de maconha<\/h4>\n<p>A Pol\u00edcia Civil de Mato Grosso (PCMT) prendeu\u00a0um homem que usava uma decis\u00e3o do\u00a0Supremo Tribunal Federal (STF)\u00a0e documentos m\u00e9dicos falsos para blindar um\u00a0<strong>esquema de tr\u00e1fico<\/strong>. Ele foi detido nesta quinta-feira (16\/4) no \u00e2mbito da Opera\u00e7\u00e3o Supremo Engano a fim de desarticular um grupo que cultiva e transporta drogas.<\/p>\n<p>Na a\u00e7\u00e3o, tr\u00eas mandados de pris\u00e3o preventiva e quatro mandados de busca e apreens\u00e3o foram cumpridos em Cuiab\u00e1 e V\u00e1rzea Grande. Durante a opera\u00e7\u00e3o, documentos foram apreendidos, e um dos suspeitos detidos tentou contestar a pris\u00e3o dele e de seus colegas.<\/p>\n<p>De acordo com PCMT, para \u201cblindar\u201d o grupo criminoso, o\u00a0<strong>acusado\u00a0<\/strong>usava\u00a0uma decis\u00e3o do STF que reconhece a descriminaliza\u00e7\u00e3o do porte de at\u00e9 40 gramas de maconha para uso pessoal.<\/p>\n<p>Antes da pris\u00e3o, para provocar a pol\u00edcia, o investigado publicou na sua rede social que fumaria a droga em frente \u00e0 delegacia e usaria a decis\u00e3o da Justi\u00e7a como \u201cescudo\u201d.<\/p>\n<p>No entanto, ap\u00f3s o avan\u00e7o das investiga\u00e7\u00f5es, os agentes constataram que o suspeito usava drogas para al\u00e9m do uso pessoal,\u00a0o que configura tr\u00e1fico.<\/p>\n<p>Segundo a pol\u00edcia, o homem faz parte de uma estrutura criminosa voltada ao cultivo, \u201cdistribui\u00e7\u00e3o e intermedia\u00e7\u00e3o de entorpecentes\u201d, com foco em\u00a0<em>Cannabis<\/em>\u00a0de alta concentra\u00e7\u00e3o de THC.<\/p>\n<h4 class=\"wp-block-heading\">Documento m\u00e9dico para usar cannabis era falso<\/h4>\n<p>Ainda segundo a apura\u00e7\u00e3o, o suspeito portava um documento m\u00e9dico que simulava uma condi\u00e7\u00e3o de doen\u00e7a que autoriza o uso medicinal de\u00a0<em>Cannabis<\/em>.<\/p>\n<p>No entanto, o delegado da PCMT Eduardo Ribeiro explicou, que apesar de a decis\u00e3o do STF ser leg\u00edtima, os documentos eram fraudulentos.<\/p>\n<p>\u201cEm rela\u00e7\u00e3o \u00e0 tentativa de obten\u00e7\u00e3o fraudulenta de autoriza\u00e7\u00e3o para uso medicinal de\u00a0<em>Cannabis<\/em>, a estrat\u00e9gia consistia em adquirir produto legalizado, manter a embalagem original e substituir o conte\u00fado por droga cultivada ilegalmente, com o intuito de circular livremente e ludibriar eventual fiscaliza\u00e7\u00e3o policial \u2014 mais um ardil elaborado para se ocultar sob aparente legalidade\u201d, explicou o delegado.<\/p>\n<p>O restante das investiga\u00e7\u00f5es revelou a atua\u00e7\u00e3o de outros suspeitos no\u00a0<a href=\"https:\/\/www.metropoles.com\/brasil\/maconha-limite-de-40g-e-relativo-e-delegado-podera-apontar-trafico\">esquema de tr\u00e1fico<\/a>, incluindo os respons\u00e1veis pela venda da maconha e pelo recebimento dos valores. A apura\u00e7\u00e3o continua para prender outros investigados.<\/p>\n<p><strong><a href=\"https:\/\/www.metropoles.com\/brasil\/homem-usava-decisao-do-stf-para-camuflar-rede-de-trafico-de-drogas\">Cr\u00e9dito Metr\u00f3poles<\/a><\/strong><\/p>\n<\/div>\n<p><br \/>\n<br \/><a href=\"https:\/\/paulofigueiredoshow.com\/homem-usava-decisao-do-stf-para-camuflar-rede-de-trafico-de-drogas\/\">Source link <\/a><\/p>","protected":false},"excerpt":{"rendered":"<p>O suspeito usava uma decis\u00e3o do STF que reconhece a descriminaliza\u00e7\u00e3o do porte de 40 gramas de maconha A Pol\u00edcia Civil de Mato Grosso (PCMT) prendeu\u00a0um homem que usava uma&hellip;<\/p>","protected":false},"author":1,"featured_media":129755,"comment_status":"closed","ping_status":"open","sticky":false,"template":"","format":"standard","meta":{"content-type":"","footnotes":""},"categories":[16],"tags":[],"class_list":["post-129754","post","type-post","status-publish","format-standard","has-post-thumbnail","hentry","category-noticias"],"_links":{"self":[{"href":"https:\/\/tvbrazilusa.com\/pt\/wp-json\/wp\/v2\/posts\/129754","targetHints":{"allow":["GET"]}}],"collection":[{"href":"https:\/\/tvbrazilusa.com\/pt\/wp-json\/wp\/v2\/posts"}],"about":[{"href":"https:\/\/tvbrazilusa.com\/pt\/wp-json\/wp\/v2\/types\/post"}],"author":[{"embeddable":true,"href":"https:\/\/tvbrazilusa.com\/pt\/wp-json\/wp\/v2\/users\/1"}],"replies":[{"embeddable":true,"href":"https:\/\/tvbrazilusa.com\/pt\/wp-json\/wp\/v2\/comments?post=129754"}],"version-history":[{"count":1,"href":"https:\/\/tvbrazilusa.com\/pt\/wp-json\/wp\/v2\/posts\/129754\/revisions"}],"predecessor-version":[{"id":129756,"href":"https:\/\/tvbrazilusa.com\/pt\/wp-json\/wp\/v2\/posts\/129754\/revisions\/129756"}],"wp:featuredmedia":[{"embeddable":true,"href":"https:\/\/tvbrazilusa.com\/pt\/wp-json\/wp\/v2\/media\/129755"}],"wp:attachment":[{"href":"https:\/\/tvbrazilusa.com\/pt\/wp-json\/wp\/v2\/media?parent=129754"}],"wp:term":[{"taxonomy":"category","embeddable":true,"href":"https:\/\/tvbrazilusa.com\/pt\/wp-json\/wp\/v2\/categories?post=129754"},{"taxonomy":"post_tag","embeddable":true,"href":"https:\/\/tvbrazilusa.com\/pt\/wp-json\/wp\/v2\/tags?post=129754"}],"curies":[{"name":"wp","href":"https:\/\/api.w.org\/{rel}","templated":true}]}}