{"id":129979,"date":"2026-04-17T17:49:36","date_gmt":"2026-04-17T17:49:36","guid":{"rendered":"https:\/\/tvbrazilusa.com\/2026\/04\/17\/eua-manda-aviso-ao-brasil-sobre-ofensiva-que-fara-contra-cv-e-pcc-paulo-figueiredo\/"},"modified":"2026-04-17T17:51:26","modified_gmt":"2026-04-17T17:51:26","slug":"eua-manda-aviso-ao-brasil-sobre-ofensiva-que-fara-contra-cv-e-pcc-paulo-figueiredo","status":"publish","type":"post","link":"https:\/\/tvbrazilusa.com\/pt\/2026\/04\/17\/eua-manda-aviso-ao-brasil-sobre-ofensiva-que-fara-contra-cv-e-pcc-paulo-figueiredo\/","title":{"rendered":"EUA manda aviso ao Brasil sobre ofensiva que far\u00e1 contra CV e PCC &#8211; Paulo Figueiredo"},"content":{"rendered":"<p> <script async src=\"https:\/\/pagead2.googlesyndication.com\/pagead\/js\/adsbygoogle.js?client=ca-pub-8864793242727901\"\r\n     crossorigin=\"anonymous\"><\/script><br \/>\n<\/p>\n<div id=\"wtr-content\" data-bg=\"#FFFFFF\" data-fg=\"#006d91\" data-width=\"25\" data-mute=\"1\" data-fgopacity=\"1.00\" data-mutedopacity=\"0.5\" data-placement=\"bottom\" data-placement-offset=\"0\" data-content-offset=\"262\" data-placement-touch=\"bottom\" data-placement-offset-touch=\"0\" data-transparent=\"\" data-shadow=\"0\" data-touch=\"1\" data-non-touch=\"1\" data-comments=\"0\" data-commentsbg=\"transparent\" data-location=\"page\" data-mutedfg=\"#006d91\" data-endfg=\"#006d91\" data-rtl=\"\">\n<h4 class=\"wp-block-heading\">O governo dos Estados Unidos enviou recado ao presidente do Banco Central do Brasil sobre ofensiva que pretende fazer contra as fac\u00e7\u00f5es<\/h4>\n<p>O governo dos Estados Unidos (EUA) enviou recado ao presidente do\u00a0Banco Central do Brasil, Gabriel Gal\u00edpolo, sobre ofensiva que pretende fazer contra as fac\u00e7\u00f5es Comando Vermelho (CV) e Primeiro Comando da Capital (PCC).<\/p>\n<p>Em reuni\u00e3o com Gal\u00edpolo, autoridades norte-americanas avisaram que\u00a0Washington caminha para classificar CV e PCC como organiza\u00e7\u00f5es terroristas, a despeito da resist\u00eancia da administra\u00e7\u00e3o Lula. O Departamento de Estado argumenta que esses grupos movimentam grandes quantias por meio de lavagem de dinheiro e que o aumento do rigor, por meio da nova classifica\u00e7\u00e3o, facilitar\u00e1 a asfixia financeira.<\/p>\n<p>O aviso com anteced\u00eancia \u00e9 considerado uma \u201cdefer\u00eancia\u201d ao Brasil, tendo em vista que h\u00e1 pa\u00edses que n\u00e3o foram informados previamente sobre a medida.\u00a0O M\u00e9xico, por exemplo, n\u00e3o recebeu tal comunicado antes de a Casa Branca classificar seis grandes cart\u00e9is como terroristas.<\/p>\n<p>A prov\u00e1vel classifica\u00e7\u00e3o de CV e PCC como organiza\u00e7\u00f5es terroristas estrangeiras [FTOs, na sigla em ingl\u00eas] representa mudan\u00e7a de paradigma na pol\u00edtica externa dos EUA para a Am\u00e9rica Latina. O status de terrorismo aciona o bra\u00e7o financeiro do Departamento do Tesouro com mais rigor.<\/p>\n<p>Isso permite o congelamento imediato de ativos em solo americano e pro\u00edbe qualquer entidade ou indiv\u00edduo sob jurisdi\u00e7\u00e3o dos EUA de fornecer suporte material, o que cria barreira para a utiliza\u00e7\u00e3o do sistema banc\u00e1rio global por essas fac\u00e7\u00f5es.<\/p>\n<h4 class=\"wp-block-heading\">Por que Lula resiste \u00e0 medida<\/h4>\n<p>Essa movimenta\u00e7\u00e3o coloca o governo brasileiro em posi\u00e7\u00e3o diplom\u00e1tica delicada. Enquanto o Pal\u00e1cio do Planalto e o Minist\u00e9rio da Justi\u00e7a e Seguran\u00e7a P\u00fablica tradicionalmente defendem que o enfrentamento ao crime organizado deve ser tratado sob a \u00f3tica da coopera\u00e7\u00e3o policial, a abordagem de Washington eleva a quest\u00e3o ao n\u00edvel de amea\u00e7a \u00e0 seguran\u00e7a nacional.<\/p>\n<p>A resist\u00eancia do governo Lula consiste na preocupa\u00e7\u00e3o de que tal classifica\u00e7\u00e3o possa abrir precedentes para interven\u00e7\u00f5es externas ou san\u00e7\u00f5es indiretas que afetem a soberania nacional, a economia dom\u00e9stica e o setor de turismo.<\/p>\n<p><strong><a href=\"https:\/\/www.metropoles.com\/colunas\/paulo-cappelli\/eua-manda-aviso-ao-brasil-sobre-ofensiva-que-fara-contra-cv-e-pcc\">Cr\u00e9dito Metr\u00f3poles<\/a><\/strong><\/p>\n<\/div>\n<p><br \/>\n<br \/><a href=\"https:\/\/paulofigueiredoshow.com\/eua-manda-aviso-ao-brasil-sobre-ofensiva-que-fara-contra-cv-e-pcc\/\">Source link <\/a><\/p>","protected":false},"excerpt":{"rendered":"<p>O governo dos Estados Unidos enviou recado ao presidente do Banco Central do Brasil sobre ofensiva que pretende fazer contra as fac\u00e7\u00f5es O governo dos Estados Unidos (EUA) enviou recado&hellip;<\/p>","protected":false},"author":1,"featured_media":129980,"comment_status":"closed","ping_status":"open","sticky":false,"template":"","format":"standard","meta":{"content-type":"","footnotes":""},"categories":[16],"tags":[],"class_list":["post-129979","post","type-post","status-publish","format-standard","has-post-thumbnail","hentry","category-noticias"],"_links":{"self":[{"href":"https:\/\/tvbrazilusa.com\/pt\/wp-json\/wp\/v2\/posts\/129979","targetHints":{"allow":["GET"]}}],"collection":[{"href":"https:\/\/tvbrazilusa.com\/pt\/wp-json\/wp\/v2\/posts"}],"about":[{"href":"https:\/\/tvbrazilusa.com\/pt\/wp-json\/wp\/v2\/types\/post"}],"author":[{"embeddable":true,"href":"https:\/\/tvbrazilusa.com\/pt\/wp-json\/wp\/v2\/users\/1"}],"replies":[{"embeddable":true,"href":"https:\/\/tvbrazilusa.com\/pt\/wp-json\/wp\/v2\/comments?post=129979"}],"version-history":[{"count":1,"href":"https:\/\/tvbrazilusa.com\/pt\/wp-json\/wp\/v2\/posts\/129979\/revisions"}],"predecessor-version":[{"id":129981,"href":"https:\/\/tvbrazilusa.com\/pt\/wp-json\/wp\/v2\/posts\/129979\/revisions\/129981"}],"wp:featuredmedia":[{"embeddable":true,"href":"https:\/\/tvbrazilusa.com\/pt\/wp-json\/wp\/v2\/media\/129980"}],"wp:attachment":[{"href":"https:\/\/tvbrazilusa.com\/pt\/wp-json\/wp\/v2\/media?parent=129979"}],"wp:term":[{"taxonomy":"category","embeddable":true,"href":"https:\/\/tvbrazilusa.com\/pt\/wp-json\/wp\/v2\/categories?post=129979"},{"taxonomy":"post_tag","embeddable":true,"href":"https:\/\/tvbrazilusa.com\/pt\/wp-json\/wp\/v2\/tags?post=129979"}],"curies":[{"name":"wp","href":"https:\/\/api.w.org\/{rel}","templated":true}]}}