{"id":13023,"date":"2024-06-13T15:12:23","date_gmt":"2024-06-13T15:12:23","guid":{"rendered":"https:\/\/tvbrazilusa.com\/2024\/06\/13\/show-da-manha-com-marco-antonio-costa-adrilles-jorge-fernando-holiday-e-rafael-satie-13-06-2024\/"},"modified":"2024-06-13T15:12:23","modified_gmt":"2024-06-13T15:12:23","slug":"show-da-manha-com-marco-antonio-costa-adrilles-jorge-fernando-holiday-e-rafael-satie-13-06-2024","status":"publish","type":"post","link":"https:\/\/tvbrazilusa.com\/pt\/2024\/06\/13\/show-da-manha-com-marco-antonio-costa-adrilles-jorge-fernando-holiday-e-rafael-satie-13-06-2024\/","title":{"rendered":"SHOW DA MANH\u00c3 COM MARCO ANT\u00d4NIO COSTA, ADRILLES JORGE, FERNANDO HOLIDAY E RAFAEL SATI\u00ca &#8211; 13\/06\/2024"},"content":{"rendered":"<p><iframe  width=\"580\" height=\"385\" src=\"https:\/\/www.youtube.com\/embed\/XmBPrxV7tuA?modestbranding=1\" frameborder=\"0\" allowfullscreen><\/iframe><br \/>\n<br \/>Inscreva-se no nosso canal!<br \/>\nAssine a Plataforma Fio Di\u00e1rio: <\/p>\n<p>Ou\u00e7a no Spotify: <\/p>\n<p>Para ajudar o canal, envie um PIX ao Fio Di\u00e1rio. Nossa chave: contato@fiodiario.com<\/p>\n<p>Siga no Instagram:<\/p>\n<p>Marco Ant\u00f4nio Costa: <\/p>\n<p>Adrilles Jorge: <\/p>\n<p>Fio Di\u00e1rio: <\/p>\n<p>#fiodiario  #showdamanha #marcoantoniocosta #adrillesjorge #superman<br \/>\n<br \/><a href=\"https:\/\/www.youtube.com\/watch?v=XmBPrxV7tuA\">source<\/a><\/p>","protected":false},"excerpt":{"rendered":"<p>Inscreva-se no nosso canal! Assine a Plataforma Fio Di\u00e1rio: Ou\u00e7a no Spotify: Para ajudar o canal, envie um PIX ao Fio Di\u00e1rio. Nossa chave: contato@fiodiario.com Siga no Instagram: Marco Ant\u00f4nio&hellip;<\/p>","protected":false},"author":1,"featured_media":13024,"comment_status":"","ping_status":"open","sticky":false,"template":"","format":"standard","meta":{"content-type":"","footnotes":""},"categories":[17],"tags":[560,559,437,697,4168,248,557,558,704,705,63],"class_list":["post-13023","post","type-post","status-publish","format-standard","has-post-thumbnail","hentry","category-programas","tag-adrilles","tag-antonio","tag-costa","tag-fernando","tag-holiday","tag-jorge","tag-manha","tag-marco","tag-rafael","tag-satie","tag-show"],"_links":{"self":[{"href":"https:\/\/tvbrazilusa.com\/pt\/wp-json\/wp\/v2\/posts\/13023","targetHints":{"allow":["GET"]}}],"collection":[{"href":"https:\/\/tvbrazilusa.com\/pt\/wp-json\/wp\/v2\/posts"}],"about":[{"href":"https:\/\/tvbrazilusa.com\/pt\/wp-json\/wp\/v2\/types\/post"}],"author":[{"embeddable":true,"href":"https:\/\/tvbrazilusa.com\/pt\/wp-json\/wp\/v2\/users\/1"}],"replies":[{"embeddable":true,"href":"https:\/\/tvbrazilusa.com\/pt\/wp-json\/wp\/v2\/comments?post=13023"}],"version-history":[{"count":0,"href":"https:\/\/tvbrazilusa.com\/pt\/wp-json\/wp\/v2\/posts\/13023\/revisions"}],"wp:featuredmedia":[{"embeddable":true,"href":"https:\/\/tvbrazilusa.com\/pt\/wp-json\/wp\/v2\/media\/13024"}],"wp:attachment":[{"href":"https:\/\/tvbrazilusa.com\/pt\/wp-json\/wp\/v2\/media?parent=13023"}],"wp:term":[{"taxonomy":"category","embeddable":true,"href":"https:\/\/tvbrazilusa.com\/pt\/wp-json\/wp\/v2\/categories?post=13023"},{"taxonomy":"post_tag","embeddable":true,"href":"https:\/\/tvbrazilusa.com\/pt\/wp-json\/wp\/v2\/tags?post=13023"}],"curies":[{"name":"wp","href":"https:\/\/api.w.org\/{rel}","templated":true}]}}