{"id":130522,"date":"2026-02-23T15:27:26","date_gmt":"2026-02-23T15:27:26","guid":{"rendered":"https:\/\/tvbrazilusa.com\/2026\/02\/23\/show-da-manha-bomba-a-vista-vorcaro-vai-ou-nao-vai-delatar-23-02-2026\/"},"modified":"2026-02-23T15:27:26","modified_gmt":"2026-02-23T15:27:26","slug":"show-da-manha-bomba-a-vista-vorcaro-vai-ou-nao-vai-delatar-23-02-2026","status":"publish","type":"post","link":"https:\/\/tvbrazilusa.com\/pt\/2026\/02\/23\/show-da-manha-bomba-a-vista-vorcaro-vai-ou-nao-vai-delatar-23-02-2026\/","title":{"rendered":"SHOW DA MANH\u00c3 &#8211; BOMBA \u00c0 VISTA: VORCARO VAI OU N\u00c3O VAI DELATAR? &#8211; 23\/02\/2026"},"content":{"rendered":"<p><iframe  width=\"580\" height=\"385\" src=\"https:\/\/www.youtube.com\/embed\/e84bW-366EY?modestbranding=1\" frameborder=\"0\" allowfullscreen><\/iframe><br \/>\n<br \/>Apresentado por Marco Ant\u00f4nio Costa<br \/>\nConvidados: Ver. Adrilles Jorge e Paula Marisa<br \/>\nParticipa\u00e7\u00e3o Especial: Ver. Fernanda Barth e Ernesto Ara\u00fajo <\/p>\n<p>INSCREVA-SE NO NOSSO CANAL! CURTA E COMPARTILHE NOSSA LIVE!<\/p>\n<p>O SHOW DA MANH\u00c3 VAI AO AR DE SEGUNDA A SEXTA, DAS 10H \u00c0S 12H.<\/p>\n<p>PORTAL FIO DI\u00c1RIO: NOT\u00cdCIAS, CONTE\u00daDOS ESPECIAIS E ASSINATURAS FIO DI\u00c1RIO+ COM DESCONTO!\ud83d\udc49\u2060 <\/p>\n<p>FA\u00c7A SUA DOA\u00c7\u00c3O PARA O FIO DI\u00c1RIO PELO PIX: contato@fiodiario.com<\/p>\n<p>ADQUIRA OS BON\u00c9S &#8220;FORA MORAES&#8221; E &#8220;FORA TOFFOLI&#8221;: R$ 59,90 CADA OU OS DOIS POR R$ 100,00. COMPRE PELO E-MAIL \ud83d\udc49 contato@fiodiario.com<\/p>\n<p>ADQUIRA J\u00c1 A SUA CAMISETA &#8220;FORA MORAES&#8221; (CUPOM \u201cFIODIARIO10\u201d PARA 10% DE DESCONTO) \ud83d\udc49 <\/p>\n<p>\ud83d\udd25APROVEITE AS PROMO\u00c7\u00d5ES DA LIVRARIA FIO DI\u00c1RIO E N\u00c3O CAIA EM NARRATIVAS! \ud83d\udc49 <\/p>\n<p>IFPE BRASIL: <\/p>\n<p>SIGA NO INSTAGRAM:<br \/>\nMarco Ant\u00f4nio Costa: <\/p>\n<p>Fio Di\u00e1rio: <\/p>\n<p>SEJA UM VOLUNT\u00c1RIO E NOS AJUDE EM NOSSA LUTA PELA LIBERDADE: <\/p>\n<p>SIGA O CANAL FIO DI\u00c1RIO NO WHATSAPP: <\/p>\n<p>SIGA O CANAL FIO DI\u00c1RIO NO TELEGRAM: <\/p>\n<p>SIGA O CANAL MARCO ANT\u00d4NIO COSTA NO TELEGRAM: <\/p>\n<p>OU\u00c7A NO SPOTIFY: <\/p>\n<p>Fabiano Silva (Charges):<br \/>\nInstagram: <\/p>\n<p><a href=\"https:\/\/www.youtube.com\/watch?v=e84bW-366EY\">source<\/a><\/p>","protected":false},"excerpt":{"rendered":"<p>Apresentado por Marco Ant\u00f4nio Costa Convidados: Ver. Adrilles Jorge e Paula Marisa Participa\u00e7\u00e3o Especial: Ver. Fernanda Barth e Ernesto Ara\u00fajo INSCREVA-SE NO NOSSO CANAL! CURTA E COMPARTILHE NOSSA LIVE! O&hellip;<\/p>","protected":false},"author":1,"featured_media":130523,"comment_status":"","ping_status":"open","sticky":false,"template":"","format":"standard","meta":{"content-type":"","footnotes":""},"categories":[17],"tags":[789,3990,557,148,63,253,22952,34925],"class_list":["post-130522","post","type-post","status-publish","format-standard","has-post-thumbnail","hentry","category-programas","tag-bomba","tag-delatar","tag-manha","tag-nao","tag-show","tag-vai","tag-vista","tag-vorcaro"],"_links":{"self":[{"href":"https:\/\/tvbrazilusa.com\/pt\/wp-json\/wp\/v2\/posts\/130522","targetHints":{"allow":["GET"]}}],"collection":[{"href":"https:\/\/tvbrazilusa.com\/pt\/wp-json\/wp\/v2\/posts"}],"about":[{"href":"https:\/\/tvbrazilusa.com\/pt\/wp-json\/wp\/v2\/types\/post"}],"author":[{"embeddable":true,"href":"https:\/\/tvbrazilusa.com\/pt\/wp-json\/wp\/v2\/users\/1"}],"replies":[{"embeddable":true,"href":"https:\/\/tvbrazilusa.com\/pt\/wp-json\/wp\/v2\/comments?post=130522"}],"version-history":[{"count":0,"href":"https:\/\/tvbrazilusa.com\/pt\/wp-json\/wp\/v2\/posts\/130522\/revisions"}],"wp:featuredmedia":[{"embeddable":true,"href":"https:\/\/tvbrazilusa.com\/pt\/wp-json\/wp\/v2\/media\/130523"}],"wp:attachment":[{"href":"https:\/\/tvbrazilusa.com\/pt\/wp-json\/wp\/v2\/media?parent=130522"}],"wp:term":[{"taxonomy":"category","embeddable":true,"href":"https:\/\/tvbrazilusa.com\/pt\/wp-json\/wp\/v2\/categories?post=130522"},{"taxonomy":"post_tag","embeddable":true,"href":"https:\/\/tvbrazilusa.com\/pt\/wp-json\/wp\/v2\/tags?post=130522"}],"curies":[{"name":"wp","href":"https:\/\/api.w.org\/{rel}","templated":true}]}}