{"id":13056,"date":"2024-07-31T10:23:23","date_gmt":"2024-07-31T10:23:23","guid":{"rendered":"https:\/\/tvbrazilusa.com\/2024\/07\/31\/elon-musk-detona-kamala-harris-por-apoio-a-reeleicao-de-maduro\/"},"modified":"2024-07-31T10:29:57","modified_gmt":"2024-07-31T10:29:57","slug":"elon-musk-detona-kamala-harris-por-apoio-a-reeleicao-de-maduro","status":"publish","type":"post","link":"https:\/\/tvbrazilusa.com\/pt\/2024\/07\/31\/elon-musk-detona-kamala-harris-por-apoio-a-reeleicao-de-maduro\/","title":{"rendered":"Elon Musk detona Kamala Harris por apoio \u00e0 reelei\u00e7\u00e3o de Maduro"},"content":{"rendered":"<p> <script async src=\"https:\/\/pagead2.googlesyndication.com\/pagead\/js\/adsbygoogle.js?client=ca-pub-8864793242727901\"\r\n     crossorigin=\"anonymous\"><\/script><br \/>\n<\/p>\n<div>\n<p>O empres\u00e1rio Elon Musk manifestou publicamente sua insatisfa\u00e7\u00e3o com a vice-presidente dos Estados Unidos, Kamala Harris. A pol\u00eamica surgiu ap\u00f3s Harris expressar apoio \u00e0 reelei\u00e7\u00e3o do ditador da Venezuela, Nicol\u00e1s Maduro.<\/p>\n<p>Musk, utilizando seu perfil no Twitter\/X, destacou o risco que a reelei\u00e7\u00e3o de Maduro representa. \u201cAcho que o risco disso \u00e9 muito real\u201d, escreveu o bilion\u00e1rio na segunda-feira, 29 de julho de 2024.<\/p>\n<blockquote class=\"twitter-tweet\">\n<p lang=\"en\" dir=\"ltr\">I think the risk of this is very real <a href=\"https:\/\/t.co\/aCb3NNO3mp\">https:\/\/t.co\/aCb3NNO3mp<\/a><\/p>\n<p>\u2014 Elon Musk (@elonmusk) <a href=\"https:\/\/twitter.com\/elonmusk\/status\/1817792700717892034?ref_src=twsrc%5Etfw\">July 29, 2024<\/a><\/p><\/blockquote>\n<h2 class=\"wp-block-heading\">O que Kamala Harris Disse sobre a Elei\u00e7\u00e3o na Venezuela?<\/h2>\n<p>Na noite de domingo, 28 de julho de 2024, Kamala Harris declarou que \u201cos EUA apoiam o povo da Venezuela que expressou sua voz nas hist\u00f3ricas elei\u00e7\u00f5es presidenciais\u201d. A vice-presidente enfatizou que a vontade popular deve ser respeitada e que os Estados Unidos continuar\u00e3o a trabalhar por um futuro mais democr\u00e1tico e seguro para a Venezuela.<\/p>\n<h2 class=\"wp-block-heading\">Rea\u00e7\u00f5es Internacionais \u00e0 Reelei\u00e7\u00e3o de Nicol\u00e1s Maduro<\/h2>\n<p>As rea\u00e7\u00f5es \u00e0 reelei\u00e7\u00e3o de Nicol\u00e1s Maduro n\u00e3o se limitaram apenas a Elon Musk. Na Argentina, o presidente Javier Milei classificou a vit\u00f3ria de Maduro como uma fraude. Em v\u00eddeo publicado nas redes sociais, Milei referiu-se \u00e0 reelei\u00e7\u00e3o como uma \u201cfalsa vit\u00f3ria\u201d e afirmou que os \u201cle\u00f5es venezuelanos\u201d est\u00e3o despertando.<\/p>\n<h2 class=\"wp-block-heading\">Por que a Reelei\u00e7\u00e3o de Nicol\u00e1s Maduro \u00e9 Controversa?<\/h2>\n<p>A elei\u00e7\u00e3o na Venezuela foi marcada por v\u00e1rias a\u00e7\u00f5es controversas. Maduro ordenou a pris\u00e3o de opositores dias antes do pleito e impediu a principal l\u00edder da oposi\u00e7\u00e3o, Maria Corina Machado, de participar da elei\u00e7\u00e3o. Essas atitudes levantaram questionamentos sobre a legitimidade do processo eleitoral.\u00a0<\/p>\n<p>Al\u00e9m dos desafios pol\u00edticos, a Venezuela enfrenta uma crise econ\u00f4mica severa, que exacerba a situa\u00e7\u00e3o dos direitos humanos e limita a capacidade da popula\u00e7\u00e3o de exercer plenamente seus direitos democr\u00e1ticos.<\/p>\n<p>Os EUA t\u00eam adotado uma postura firme em rela\u00e7\u00e3o \u00e0 situa\u00e7\u00e3o na Venezuela, mas resta ver como essa abordagem influenciar\u00e1 a evolu\u00e7\u00e3o pol\u00edtica no pa\u00eds sul-americano. Estudos mostram que o apoio internacional pode ser fundamental para promover mudan\u00e7as significativas em regimes autocr\u00e1ticos.<\/p>\n<\/p><\/div>\n<p><script async src=\"\/\/platform.twitter.com\/widgets.js\" charset=\"utf-8\"><\/script><br \/>\n<br \/><br \/>\n<br \/><a href=\"https:\/\/terrabrasilnoticias.com\/2024\/07\/elon-musk-detona-kamala-harris-por-apoio-a-reeleicao-de-maduro\/\">Source link <\/a><\/p>","protected":false},"excerpt":{"rendered":"<p>O empres\u00e1rio Elon Musk manifestou publicamente sua insatisfa\u00e7\u00e3o com a vice-presidente dos Estados Unidos, Kamala Harris. A pol\u00eamica surgiu ap\u00f3s Harris expressar apoio \u00e0 reelei\u00e7\u00e3o do ditador da Venezuela, Nicol\u00e1s&hellip;<\/p>","protected":false},"author":1,"featured_media":13057,"comment_status":"closed","ping_status":"open","sticky":false,"template":"","format":"standard","meta":{"content-type":"","footnotes":""},"categories":[16],"tags":[],"class_list":["post-13056","post","type-post","status-publish","format-standard","has-post-thumbnail","hentry","category-noticias"],"_links":{"self":[{"href":"https:\/\/tvbrazilusa.com\/pt\/wp-json\/wp\/v2\/posts\/13056","targetHints":{"allow":["GET"]}}],"collection":[{"href":"https:\/\/tvbrazilusa.com\/pt\/wp-json\/wp\/v2\/posts"}],"about":[{"href":"https:\/\/tvbrazilusa.com\/pt\/wp-json\/wp\/v2\/types\/post"}],"author":[{"embeddable":true,"href":"https:\/\/tvbrazilusa.com\/pt\/wp-json\/wp\/v2\/users\/1"}],"replies":[{"embeddable":true,"href":"https:\/\/tvbrazilusa.com\/pt\/wp-json\/wp\/v2\/comments?post=13056"}],"version-history":[{"count":1,"href":"https:\/\/tvbrazilusa.com\/pt\/wp-json\/wp\/v2\/posts\/13056\/revisions"}],"predecessor-version":[{"id":13058,"href":"https:\/\/tvbrazilusa.com\/pt\/wp-json\/wp\/v2\/posts\/13056\/revisions\/13058"}],"wp:featuredmedia":[{"embeddable":true,"href":"https:\/\/tvbrazilusa.com\/pt\/wp-json\/wp\/v2\/media\/13057"}],"wp:attachment":[{"href":"https:\/\/tvbrazilusa.com\/pt\/wp-json\/wp\/v2\/media?parent=13056"}],"wp:term":[{"taxonomy":"category","embeddable":true,"href":"https:\/\/tvbrazilusa.com\/pt\/wp-json\/wp\/v2\/categories?post=13056"},{"taxonomy":"post_tag","embeddable":true,"href":"https:\/\/tvbrazilusa.com\/pt\/wp-json\/wp\/v2\/tags?post=13056"}],"curies":[{"name":"wp","href":"https:\/\/api.w.org\/{rel}","templated":true}]}}