{"id":130578,"date":"2026-04-19T19:03:10","date_gmt":"2026-04-19T19:03:10","guid":{"rendered":"https:\/\/tvbrazilusa.com\/2026\/04\/19\/na-europa-lula-sai-novamente-em-defesa-da-ditadura-cubana-paulo-figueiredo\/"},"modified":"2026-04-19T19:06:08","modified_gmt":"2026-04-19T19:06:08","slug":"na-europa-lula-sai-novamente-em-defesa-da-ditadura-cubana-paulo-figueiredo","status":"publish","type":"post","link":"https:\/\/tvbrazilusa.com\/pt\/2026\/04\/19\/na-europa-lula-sai-novamente-em-defesa-da-ditadura-cubana-paulo-figueiredo\/","title":{"rendered":"Na Europa, Lula sai (novamente) em defesa da ditadura cubana &#8211; Paulo Figueiredo"},"content":{"rendered":"<p> <script async src=\"https:\/\/pagead2.googlesyndication.com\/pagead\/js\/adsbygoogle.js?client=ca-pub-8864793242727901\"\r\n     crossorigin=\"anonymous\"><\/script><br \/>\n<\/p>\n<div id=\"wtr-content\" data-bg=\"#FFFFFF\" data-fg=\"#006d91\" data-width=\"25\" data-mute=\"1\" data-fgopacity=\"1.00\" data-mutedopacity=\"0.5\" data-placement=\"bottom\" data-placement-offset=\"0\" data-content-offset=\"262\" data-placement-touch=\"bottom\" data-placement-offset-touch=\"0\" data-transparent=\"\" data-shadow=\"0\" data-touch=\"1\" data-non-touch=\"1\" data-comments=\"0\" data-commentsbg=\"transparent\" data-location=\"page\" data-mutedfg=\"#006d91\" data-endfg=\"#006d91\" data-rtl=\"\">\n<h4 class=\"wp-block-heading\">Petista ataca san\u00e7\u00f5es norte-americanas e ignora restri\u00e7\u00f5es pol\u00edticas na ilha<\/h4>\n<p>O presidente\u00a0Luiz In\u00e1cio Lula da Silva\u00a0pediu ao presidente dos Estados Unidos, Donald Trump, o fim do\u00a0embargo econ\u00f4mico contra Cuba. A declara\u00e7\u00e3o ocorreu neste s\u00e1bado,18, durante evento em Barcelona, na Catalunha, Espanha.<\/p>\n<p>O petista classificou a medida como prejudicial \u00e0 popula\u00e7\u00e3o cubana. Ele afirmou que o problema do pa\u00eds deve ser resolvido internamente.<\/p>\n<p>\u201cPare com esse maldito bloqueio a Cuba e deixe os cubanos viverem a vida deles\u201d, disse o brasileiro.<\/p>\n<h4 class=\"wp-block-heading\" id=\"h-defesa-de-regime-sem-eleicoes-livres\"><strong>Defesa de regime sem elei\u00e7\u00f5es livres<\/strong><\/h4>\n<p>Ao tratar da crise na ilha, Lula n\u00e3o mencionou a aus\u00eancia de elei\u00e7\u00f5es livres nem as restri\u00e7\u00f5es pol\u00edticas impostas pelo regime comunista cubano. O presidente brasileiro concentrou a fala na cr\u00edtica \u00e0s san\u00e7\u00f5es dos Estados Unidos.<\/p>\n<p>Cuba \u00e9 governada por um regime de partido \u00fanico, sem altern\u00e2ncia de poder. O pa\u00eds enfrenta cr\u00edticas recorrentes de organismos internacionais por limita\u00e7\u00f5es a liberdades civis e pol\u00edticas.<\/p>\n<p>O petista afirmou que a crise enfrentada por Cuba n\u00e3o deve sofrer interfer\u00eancia externa. Segundo ele, cabe apenas ao povo cubano decidir os rumos do pa\u00eds.<\/p>\n<p>\u201cEstou preocupado com Cuba, muito preocupado\u201d afirmou Lula. \u201cCuba tem problema, mas \u00e9 um problema dos cubanos, n\u00e3o \u00e9 problema do Lula, da Claudia\u00a0<em>[Sheinbaum, presidente do M\u00e9xico]<\/em>\u00a0ou do Trump. \u00c9 um problema do povo cubano.\u201d<\/p>\n<h4 class=\"wp-block-heading\" id=\"h-contexto-de-crise-e-pressao-internacional\"><strong>Contexto de crise e press\u00e3o internacional<\/strong><\/h4>\n<p>A fala ocorre em meio ao agravamento da crise econ\u00f4mica em Cuba, marcada por escassez de energia, alimentos e combust\u00edveis.<\/p>\n<p>O governo dos Estados Unidos intensificou medidas de press\u00e3o contra o regime cubano, incluindo restri\u00e7\u00f5es ao fornecimento de petr\u00f3leo e san\u00e7\u00f5es a parceiros comerciais da ilha. A estrat\u00e9gia faz parte de uma pol\u00edtica mais ampla de press\u00e3o por mudan\u00e7as no regime cubano.<\/p>\n<h4 class=\"wp-block-heading\" id=\"h-alinhamento-politico-de-lula-com-regime-de-cuba\"><strong>Alinhamento pol\u00edtico<\/strong>\u00a0de Lula com regime de Cuba<\/h4>\n<p>A declara\u00e7\u00e3o de Lula refor\u00e7a o posicionamento do governo brasileiro em defesa de Cuba no cen\u00e1rio internacional. Tanto o Partido dos Trabalhadores, do presidente brasileiro, e o Partido Comunista cubano integram o Foro de S\u00e3o Paulo.<\/p>\n<p><strong><a href=\"https:\/\/revistaoeste.com\/politica\/na-europa-lula-sai-novamente-em-defesa-da-ditadura-cubana\/\">Cr\u00e9dito Revista Oeste<\/a><\/strong><\/p>\n<\/div>\n<p><br \/>\n<br \/><a href=\"https:\/\/paulofigueiredoshow.com\/na-europa-lula-sai-novamente-em-defesa-da-ditadura-cubana\/\">Source link <\/a><\/p>","protected":false},"excerpt":{"rendered":"<p>Petista ataca san\u00e7\u00f5es norte-americanas e ignora restri\u00e7\u00f5es pol\u00edticas na ilha O presidente\u00a0Luiz In\u00e1cio Lula da Silva\u00a0pediu ao presidente dos Estados Unidos, Donald Trump, o fim do\u00a0embargo econ\u00f4mico contra Cuba. A&hellip;<\/p>","protected":false},"author":1,"featured_media":130579,"comment_status":"closed","ping_status":"open","sticky":false,"template":"","format":"standard","meta":{"content-type":"","footnotes":""},"categories":[16],"tags":[],"class_list":["post-130578","post","type-post","status-publish","format-standard","has-post-thumbnail","hentry","category-noticias"],"_links":{"self":[{"href":"https:\/\/tvbrazilusa.com\/pt\/wp-json\/wp\/v2\/posts\/130578","targetHints":{"allow":["GET"]}}],"collection":[{"href":"https:\/\/tvbrazilusa.com\/pt\/wp-json\/wp\/v2\/posts"}],"about":[{"href":"https:\/\/tvbrazilusa.com\/pt\/wp-json\/wp\/v2\/types\/post"}],"author":[{"embeddable":true,"href":"https:\/\/tvbrazilusa.com\/pt\/wp-json\/wp\/v2\/users\/1"}],"replies":[{"embeddable":true,"href":"https:\/\/tvbrazilusa.com\/pt\/wp-json\/wp\/v2\/comments?post=130578"}],"version-history":[{"count":1,"href":"https:\/\/tvbrazilusa.com\/pt\/wp-json\/wp\/v2\/posts\/130578\/revisions"}],"predecessor-version":[{"id":130580,"href":"https:\/\/tvbrazilusa.com\/pt\/wp-json\/wp\/v2\/posts\/130578\/revisions\/130580"}],"wp:featuredmedia":[{"embeddable":true,"href":"https:\/\/tvbrazilusa.com\/pt\/wp-json\/wp\/v2\/media\/130579"}],"wp:attachment":[{"href":"https:\/\/tvbrazilusa.com\/pt\/wp-json\/wp\/v2\/media?parent=130578"}],"wp:term":[{"taxonomy":"category","embeddable":true,"href":"https:\/\/tvbrazilusa.com\/pt\/wp-json\/wp\/v2\/categories?post=130578"},{"taxonomy":"post_tag","embeddable":true,"href":"https:\/\/tvbrazilusa.com\/pt\/wp-json\/wp\/v2\/tags?post=130578"}],"curies":[{"name":"wp","href":"https:\/\/api.w.org\/{rel}","templated":true}]}}