{"id":130832,"date":"2026-04-20T16:47:00","date_gmt":"2026-04-20T16:47:00","guid":{"rendered":"https:\/\/tvbrazilusa.com\/2026\/04\/20\/o-brasileiro-nao-merece-esses-ministros-no-supremo-tribunal-federal\/"},"modified":"2026-04-20T17:04:13","modified_gmt":"2026-04-20T17:04:13","slug":"o-brasileiro-nao-merece-esses-ministros-no-supremo-tribunal-federal","status":"publish","type":"post","link":"https:\/\/tvbrazilusa.com\/pt\/2026\/04\/20\/o-brasileiro-nao-merece-esses-ministros-no-supremo-tribunal-federal\/","title":{"rendered":"O brasileiro n\u00e3o merece esses ministros no Supremo Tribunal Federal"},"content":{"rendered":"<p> <script async src=\"https:\/\/pagead2.googlesyndication.com\/pagead\/js\/adsbygoogle.js?client=ca-pub-8864793242727901\"\r\n     crossorigin=\"anonymous\"><\/script><br \/>\n<\/p>\n<div id=\"cd-article-content\">\n<p>Em entrevista ao programa <strong><a href=\"https:\/\/youtube.com\/playlist?list=PLW3vLqxTq1UTKhps4Wf561O7WCk9mVPL2&#038;si=P55fQx8wcL6okijw\" target=\"_blank\" rel=\"noopener\">ALive<\/a><\/strong> nesta segunda-feira (20), o ex-governador de Minas, <strong><a href=\"https:\/\/claudiodantas.com.br\/tag\/zema\/\" data-type=\"post_tag\" data-id=\"5145\">Romeu Zema (Novo)<\/a><\/strong>, afirmou que, nas elei\u00e7\u00f5es de 2022, houve uma \u201cajuda muito clara\u201d de ministros do <strong><a href=\"https:\/\/portal.stf.jus.br\/\" target=\"_blank\" rel=\"noopener\">STF<\/a><\/strong> para um certo lado pol\u00edtico e que, com base no que \u201cestamos vendo\u201d, \u201cn\u00e3o ser\u00e1 diferente\u201d nas elei\u00e7\u00f5es deste ano.<\/p>\n<p><a href=\"https:\/\/whatsapp.com\/channel\/0029VaTFkH2HVvTbkE883x1x\" target=\"_blank\" class=\"whatsapp-channel-message\" rel=\"noopener\">\u2705 Siga o canal do Claudio Dantas no WhatsApp<\/a><\/p>\n<p>No entanto, Zema disse que est\u00e1 \u201cmuito confiante\u201d de que os eleitores est\u00e3o com uma mentalidade diferente neste ano, em que conseguem ver que os \u201cintoc\u00e1veis [est\u00e3o] vivendo no luxo\u201d e \u201co brasileiro vivendo no lixo\u201d. <\/p>\n<p>Em sua vis\u00e3o, ser\u00e3o eleitos neste ano senadores favor\u00e1veis ao impeachment de ministros do Supremo.<\/p>\n<p>\u201cEu sou muito confiante, voc\u00ea consegue ocultar a verdade um m\u00eas, um ano, dois anos, mas ela vai aflorar\u201d, afirmou Zema. \u201cE at\u00e9 outubro eu continuo acreditando que muita coisa ainda vai aparecer nessas dela\u00e7\u00f5es premiadas e esses dois ministros [Dias Toffoli e Alexandre de Moraes, ambos envolvidos no caso Master] que j\u00e1 s\u00e3o \u00e1rvores podres, totalmente tomadas por cupins, \u00e9 s\u00f3 quest\u00e3o de tempo para ter um vento um pouco mais forte e elas n\u00e3o permanecerem de p\u00e9\u201d.<\/p>\n<p>\u201cN\u00f3s estamos acompanhando e vamos continuar lutando\u201d, continuou. \u201cSabemos que muita coisa foge do nosso alcance, mas eu continuo acreditando que o Brasil vai adiante\u201d.<\/p>\n<p>De acordo com Zema, o brasileiro \u201cn\u00e3o merece esses ministros no Supremo Tribunal Federal\u201d atuais e que \u201co clima de indigna\u00e7\u00e3o \u00e9 t\u00e3o grande, t\u00e3o grande, que n\u00e3o h\u00e1 solu\u00e7\u00e3o\u201d. Para ele, alguns magistrados j\u00e1 deveriam ter renunciado \u201cpor quest\u00e3o de honra\u201d.<\/p>\n<p>\u201cSe n\u00e3o renunciaram, v\u00e3o sofrer impeachment. Vamos ter uma mudan\u00e7a muito grande no Senado\u201d, afirmou.<\/p>\n<p>\u201cEles podem at\u00e9 tentar influenciar na elei\u00e7\u00e3o, mas vai ser uma elei\u00e7\u00e3o onde o eleitor vai ter uma tend\u00eancia t\u00e3o grande a votar contra esses intoc\u00e1veis que vai ser praticamente imposs\u00edvel. Estou muito, muito confiante\u201d, completou o ex-governador de Minas.<\/p>\n<div class=\"wp-block-image\">\n<figure class=\"aligncenter size-full is-resized\"><figcaption class=\"wp-element-caption\"><strong>Foto: Reprodu\u00e7\u00e3o\/YouTube @ClaudioDantasOficial<\/strong><\/figcaption><\/figure>\n<\/div>\n<h2 class=\"wp-block-heading\"><strong>ASSISTA AO PROGRAMA DE HOJE:<\/strong><\/h2>\n<figure class=\"wp-block-embed aligncenter is-type-video is-provider-youtube wp-block-embed-youtube wp-embed-aspect-4-3 wp-has-aspect-ratio\">\n<p>\n<iframe title=\"GILMAR manda investigar ZEMA; EX\u00c9RCITO contratou MASTER, Roubo do INSS \u00e9 39 bi\" width=\"1170\" height=\"658\" src=\"https:\/\/www.youtube.com\/embed\/iv77zM8LWVc?feature=oembed\" frameborder=\"0\" allow=\"accelerometer; autoplay; clipboard-write; encrypted-media; gyroscope; picture-in-picture; web-share\" referrerpolicy=\"strict-origin-when-cross-origin\" allowfullscreen><\/iframe>\n<\/p>\n<\/figure>\n<\/div>\n<p><script type=\"072132ef53a804dc018954eb-text\/javascript\">!function(f,b,e,v,n,t,s){if(f.fbq)return;n=f.fbq=function(){n.callMethod?n.callMethod.apply(n,arguments):n.queue.push(arguments)};if(!f._fbq)f._fbq=n;n.push=n;n.loaded=!0;n.version='2.0';n.queue=[];t=b.createElement(e);t.async=!0;t.src=v;s=b.getElementsByTagName(e)[0];s.parentNode.insertBefore(t,s)}(window,document,'script','https:\/\/connect.facebook.net\/en_US\/fbevents.js');fbq('init','1423865622537930');fbq('track','PageView');<\/script><br \/>\n<br \/><br \/>\n<br \/><a href=\"https:\/\/claudiodantas.com.br\/zema-brasileiro-nao-merece-ministros-supremo\/\">Source link <\/a><\/p>","protected":false},"excerpt":{"rendered":"<p>Em entrevista ao programa ALive nesta segunda-feira (20), o ex-governador de Minas, Romeu Zema (Novo), afirmou que, nas elei\u00e7\u00f5es de 2022, houve uma \u201cajuda muito clara\u201d de ministros do STF&hellip;<\/p>","protected":false},"author":1,"featured_media":130833,"comment_status":"closed","ping_status":"open","sticky":false,"template":"","format":"standard","meta":{"content-type":"","footnotes":""},"categories":[16],"tags":[],"class_list":["post-130832","post","type-post","status-publish","format-standard","has-post-thumbnail","hentry","category-noticias"],"_links":{"self":[{"href":"https:\/\/tvbrazilusa.com\/pt\/wp-json\/wp\/v2\/posts\/130832","targetHints":{"allow":["GET"]}}],"collection":[{"href":"https:\/\/tvbrazilusa.com\/pt\/wp-json\/wp\/v2\/posts"}],"about":[{"href":"https:\/\/tvbrazilusa.com\/pt\/wp-json\/wp\/v2\/types\/post"}],"author":[{"embeddable":true,"href":"https:\/\/tvbrazilusa.com\/pt\/wp-json\/wp\/v2\/users\/1"}],"replies":[{"embeddable":true,"href":"https:\/\/tvbrazilusa.com\/pt\/wp-json\/wp\/v2\/comments?post=130832"}],"version-history":[{"count":1,"href":"https:\/\/tvbrazilusa.com\/pt\/wp-json\/wp\/v2\/posts\/130832\/revisions"}],"predecessor-version":[{"id":130834,"href":"https:\/\/tvbrazilusa.com\/pt\/wp-json\/wp\/v2\/posts\/130832\/revisions\/130834"}],"wp:featuredmedia":[{"embeddable":true,"href":"https:\/\/tvbrazilusa.com\/pt\/wp-json\/wp\/v2\/media\/130833"}],"wp:attachment":[{"href":"https:\/\/tvbrazilusa.com\/pt\/wp-json\/wp\/v2\/media?parent=130832"}],"wp:term":[{"taxonomy":"category","embeddable":true,"href":"https:\/\/tvbrazilusa.com\/pt\/wp-json\/wp\/v2\/categories?post=130832"},{"taxonomy":"post_tag","embeddable":true,"href":"https:\/\/tvbrazilusa.com\/pt\/wp-json\/wp\/v2\/tags?post=130832"}],"curies":[{"name":"wp","href":"https:\/\/api.w.org\/{rel}","templated":true}]}}