{"id":130845,"date":"2026-04-20T17:28:00","date_gmt":"2026-04-20T17:28:00","guid":{"rendered":"https:\/\/tvbrazilusa.com\/2026\/04\/20\/nao-sabia-que-estava-em-divida-com-gilmar\/"},"modified":"2026-04-20T17:55:01","modified_gmt":"2026-04-20T17:55:01","slug":"nao-sabia-que-estava-em-divida-com-gilmar","status":"publish","type":"post","link":"https:\/\/tvbrazilusa.com\/pt\/2026\/04\/20\/nao-sabia-que-estava-em-divida-com-gilmar\/","title":{"rendered":"N\u00e3o sabia que estava em d\u00edvida com Gilmar"},"content":{"rendered":"<p> <script async src=\"https:\/\/pagead2.googlesyndication.com\/pagead\/js\/adsbygoogle.js?client=ca-pub-8864793242727901\"\r\n     crossorigin=\"anonymous\"><\/script><br \/>\n<\/p>\n<div id=\"cd-article-content\">\n<p>Durante o programa <strong><a href=\"https:\/\/youtube.com\/playlist?list=PLW3vLqxTq1UTKhps4Wf561O7WCk9mVPL2&#038;si=P55fQx8wcL6okijw\" target=\"_blank\" rel=\"noopener\">ALive<\/a><\/strong> desta segunda-feira (20), o ex-governador <strong><a href=\"https:\/\/claudiodantas.com.br\/tag\/zema\/\" data-type=\"post_tag\" data-id=\"5145\">Romeu Zema (Novo)<\/a><\/strong> disse que n\u00e3o sabia que uma decis\u00e3o tomada por <strong><a href=\"https:\/\/claudiodantas.com.br\/tag\/gilmar-mendes\/\" data-type=\"post_tag\" data-id=\"32\">Gilmar Mendes<\/a><\/strong> pr\u00f3-Minas Gerais o colocaria \u201cem d\u00edvida\u201d com o ministro do <strong><a href=\"https:\/\/portal.stf.jus.br\/\" target=\"_blank\" rel=\"noopener\">Supremo Tribunal Federal (STF)<\/a><\/strong>.<\/p>\n<p><a href=\"https:\/\/whatsapp.com\/channel\/0029VaTFkH2HVvTbkE883x1x\" target=\"_blank\" class=\"whatsapp-channel-message\" rel=\"noopener\">\u2705 Siga o canal do Claudio Dantas no WhatsApp<\/a><\/p>\n<p>A declara\u00e7\u00e3o foi feita pelo pr\u00e9-candidato \u00e0 Presid\u00eancia ap\u00f3s ser alvo do magistrado nos \u00faltimos dias por critic\u00e1-lo. Gilmar acusa o mineiro de praticar \u201cpol\u00edtica do utilitarismo\u201d, j\u00e1 que ele supostamente tem \u201catacado\u201d o Supremo mesmo tendo recebido \u201csocorro institucional\u201d da Corte quando governava o estado.<\/p>\n<p>\u201cO ministro teve de decidir uma quest\u00e3o que envolveu Minas Gerais. Eu estive l\u00e1 pessoalmente com ele, com outros ministros, e eu suponha que ele tivesse tomado a decis\u00e3o baseada na lei e na Constitui\u00e7\u00e3o, e n\u00e3o que ele tivesse feito alguma coisa diretamente, pessoalmente, a mim\u201d, afirmou Zema, que completou: \u201cE que isso significasse que, a partir daquela ocasi\u00e3o, eu ficasse em d\u00edvida com ele\u201d.<\/p>\n<p>Para Zema, \u201cqualquer brasileiro que \u00e9 acionado na Justi\u00e7a ou que entra com uma a\u00e7\u00e3o, eu acho que parte do princ\u00edpio que aquilo vai ser julgado de acordo com a lei, e que ele n\u00e3o ficar\u00e1 nem em d\u00edvida, nem com cr\u00e9dito, independente da decis\u00e3o do juiz\u201d.<\/p>\n<p>\u201cEnt\u00e3o fica muito claro como \u00e9 que esse senhor pensa\u201d, afirmou o ex-governador mineiro. \u201c\u00c9 um pensamento totalmente distorcido, um pensamento que exp\u00f5e claramente que eles consideram que toda decis\u00e3o que tomam, eles fa\u00e7am a ser credores de algu\u00e9m\u201d.<\/p>\n<p>\u201cNo meu caso, n\u00e3o s\u00e3o credores, inclusive n\u00e3o sou mais governador de Minas, e a decis\u00e3o que ele tomou foi uma decis\u00e3o t\u00e9cnica\u201d, completou.<\/p>\n<h3 class=\"wp-block-heading\"><strong>\u201cIr para o Supremo \u00e9 quase que semelhante a ser indicado como Papa\u201d<\/strong><\/h3>\n<p>Ainda durante a entrevista, Zema afirmou que uma das propostas dele para um \u201cnovo Supremo\u201d, como declarou no an\u00fancio do seu plano de governo, \u00e9 estabelecer idade m\u00ednima de 60 anos para ministros da Corte.<\/p>\n<p>Segundo Zema, na sua vis\u00e3o e de seu partido, \u201cir para o Supremo \u00e9 quase que semelhante a ser indicado como Papa\u201d: <\/p>\n<blockquote class=\"wp-block-quote is-layout-flow wp-block-quote-is-layout-flow\">\n<p class=\"has-text-align-center\">\u201cVoc\u00ea n\u00e3o v\u00ea Papa com 35, 40 anos de idade. Ser Papa e ser Ministro do Supremo tem uma semelhan\u00e7a: \u00e9 o coroamento de uma longa carreira, principalmente da magistratura, do Minist\u00e9rio P\u00fablico, para muitos, ou algum acad\u00eamico do direito, e queremos tamb\u00e9m mais filtros, que n\u00e3o seja somente o presidente que participe dessa indica\u00e7\u00e3o, que haja tamb\u00e9m participa\u00e7\u00e3o do Superior Tribunal de Justi\u00e7a (STJ), do Minist\u00e9rio P\u00fablico Federal\u201d.<\/p>\n<\/blockquote>\n<p>De acordo com ele, essas medidas diminuem \u201cessas aberra\u00e7\u00f5es que n\u00f3s temos acompanhado a\u00ed nos \u00faltimos 20 anos, em que ex-advogado do presidente foi nomeado, ex-advogado do PT foi nomeado, o Supremo n\u00e3o merece esse tipo de indica\u00e7\u00e3o\u201d. O ex-governador tamb\u00e9m disse que \u00e9 \u201ctotalmente contr\u00e1rio\u201d a decis\u00f5es monocr\u00e1ticas.<\/p>\n<p>\u201cS\u00e3o essas as principais mudan\u00e7as. Eu falo que o Brasil hoje \u00e9 um pa\u00eds desfuncional, um pa\u00eds que anda igual um carro com freio de m\u00e3o puxado, devido a todas essas aberra\u00e7\u00f5es que foram, talvez, criadas com boa inten\u00e7\u00e3o no passado, mas que n\u00f3s estamos vendo n\u00e3o ajudam a termos uma gest\u00e3o p\u00fablica melhor, muito pelo contr\u00e1rio, t\u00eam prejudicado\u201d, afirmou Zema. \u201cEnt\u00e3o s\u00e3o mudan\u00e7as simples, mas que eu tenho certeza que contribuir\u00e3o\u201d.<\/p>\n<p>\u201cE tudo isso, lembrando, ser\u00e1 levado ao debate, pode ser enriquecido com propostas de outros partidos, outros especialistas\u201d, completou.<\/p>\n<div class=\"wp-block-image\">\n<figure class=\"aligncenter size-large\"><figcaption class=\"wp-element-caption\"><strong>Foto: Reprodu\u00e7\u00e3o\/YouTube @ClaudioDantasOficial<\/strong><\/figcaption><\/figure>\n<\/div>\n<h3 class=\"wp-block-heading\"><strong>ASSISTA AO PROGRAMA DE HOJE:<\/strong><\/h3>\n<figure class=\"wp-block-embed aligncenter is-type-video is-provider-youtube wp-block-embed-youtube wp-embed-aspect-16-9 wp-has-aspect-ratio\">\n<p>\n<iframe title=\"GILMAR manda investigar ZEMA; EX\u00c9RCITO contratou MASTER, Roubo do INSS \u00e9 39 bi\" width=\"1170\" height=\"658\" src=\"https:\/\/www.youtube.com\/embed\/iv77zM8LWVc?feature=oembed\" frameborder=\"0\" allow=\"accelerometer; autoplay; clipboard-write; encrypted-media; gyroscope; picture-in-picture; web-share\" referrerpolicy=\"strict-origin-when-cross-origin\" allowfullscreen><\/iframe>\n<\/p>\n<\/figure>\n<\/div>\n<p><script type=\"f9ac3aec4fc4a0086832fe76-text\/javascript\">!function(f,b,e,v,n,t,s){if(f.fbq)return;n=f.fbq=function(){n.callMethod?n.callMethod.apply(n,arguments):n.queue.push(arguments)};if(!f._fbq)f._fbq=n;n.push=n;n.loaded=!0;n.version='2.0';n.queue=[];t=b.createElement(e);t.async=!0;t.src=v;s=b.getElementsByTagName(e)[0];s.parentNode.insertBefore(t,s)}(window,document,'script','https:\/\/connect.facebook.net\/en_US\/fbevents.js');fbq('init','1423865622537930');fbq('track','PageView');<\/script><br \/>\n<br \/><br \/>\n<br \/><a href=\"https:\/\/claudiodantas.com.br\/zema-alive-nao-sabia-estava-divida-gilmar\/\">Source link <\/a><\/p>","protected":false},"excerpt":{"rendered":"<p>Durante o programa ALive desta segunda-feira (20), o ex-governador Romeu Zema (Novo) disse que n\u00e3o sabia que uma decis\u00e3o tomada por Gilmar Mendes pr\u00f3-Minas Gerais o colocaria \u201cem d\u00edvida\u201d com&hellip;<\/p>","protected":false},"author":1,"featured_media":130846,"comment_status":"closed","ping_status":"open","sticky":false,"template":"","format":"standard","meta":{"content-type":"","footnotes":""},"categories":[16],"tags":[],"class_list":["post-130845","post","type-post","status-publish","format-standard","has-post-thumbnail","hentry","category-noticias"],"_links":{"self":[{"href":"https:\/\/tvbrazilusa.com\/pt\/wp-json\/wp\/v2\/posts\/130845","targetHints":{"allow":["GET"]}}],"collection":[{"href":"https:\/\/tvbrazilusa.com\/pt\/wp-json\/wp\/v2\/posts"}],"about":[{"href":"https:\/\/tvbrazilusa.com\/pt\/wp-json\/wp\/v2\/types\/post"}],"author":[{"embeddable":true,"href":"https:\/\/tvbrazilusa.com\/pt\/wp-json\/wp\/v2\/users\/1"}],"replies":[{"embeddable":true,"href":"https:\/\/tvbrazilusa.com\/pt\/wp-json\/wp\/v2\/comments?post=130845"}],"version-history":[{"count":1,"href":"https:\/\/tvbrazilusa.com\/pt\/wp-json\/wp\/v2\/posts\/130845\/revisions"}],"predecessor-version":[{"id":130847,"href":"https:\/\/tvbrazilusa.com\/pt\/wp-json\/wp\/v2\/posts\/130845\/revisions\/130847"}],"wp:featuredmedia":[{"embeddable":true,"href":"https:\/\/tvbrazilusa.com\/pt\/wp-json\/wp\/v2\/media\/130846"}],"wp:attachment":[{"href":"https:\/\/tvbrazilusa.com\/pt\/wp-json\/wp\/v2\/media?parent=130845"}],"wp:term":[{"taxonomy":"category","embeddable":true,"href":"https:\/\/tvbrazilusa.com\/pt\/wp-json\/wp\/v2\/categories?post=130845"},{"taxonomy":"post_tag","embeddable":true,"href":"https:\/\/tvbrazilusa.com\/pt\/wp-json\/wp\/v2\/tags?post=130845"}],"curies":[{"name":"wp","href":"https:\/\/api.w.org\/{rel}","templated":true}]}}