{"id":130864,"date":"2026-04-20T19:23:58","date_gmt":"2026-04-20T19:23:58","guid":{"rendered":"https:\/\/tvbrazilusa.com\/2026\/04\/20\/gastos-de-lula-com-viagens-internacionais-se-aproximam-de-r-1-bi-paulo-figueiredo\/"},"modified":"2026-04-20T19:27:54","modified_gmt":"2026-04-20T19:27:54","slug":"gastos-de-lula-com-viagens-internacionais-se-aproximam-de-r-1-bi-paulo-figueiredo","status":"publish","type":"post","link":"https:\/\/tvbrazilusa.com\/pt\/2026\/04\/20\/gastos-de-lula-com-viagens-internacionais-se-aproximam-de-r-1-bi-paulo-figueiredo\/","title":{"rendered":"Gastos de Lula com viagens internacionais se aproximam de R$ 1 bi &#8211; Paulo Figueiredo"},"content":{"rendered":"<p> <script async src=\"https:\/\/pagead2.googlesyndication.com\/pagead\/js\/adsbygoogle.js?client=ca-pub-8864793242727901\"\r\n     crossorigin=\"anonymous\"><\/script><br \/>\n<\/p>\n<div id=\"wtr-content\" data-bg=\"#FFFFFF\" data-fg=\"#006d91\" data-width=\"25\" data-mute=\"1\" data-fgopacity=\"1.00\" data-mutedopacity=\"0.5\" data-placement=\"bottom\" data-placement-offset=\"0\" data-content-offset=\"262\" data-placement-touch=\"bottom\" data-placement-offset-touch=\"0\" data-transparent=\"\" data-shadow=\"0\" data-touch=\"1\" data-non-touch=\"1\" data-comments=\"0\" data-commentsbg=\"transparent\" data-location=\"page\" data-mutedfg=\"#006d91\" data-endfg=\"#006d91\" data-rtl=\"\">\n<h4 class=\"wp-block-heading\">Despesas com deslocamentos ao exterior j\u00e1 somam R$ 972 milh\u00f5es, enquanto viagens nacionais ultrapassam R$ 6,2 bilh\u00f5es<\/h4>\n<p>Neste fim de semana, o presidente\u00a0Luiz In\u00e1cio Lula da Silva\u00a0cumpre\u00a0mais uma agenda internacional. Desde o in\u00edcio de 2023, levantamentos indicam que o\u00a0governo federal\u00a0j\u00e1 destinou mais de R$ 972 milh\u00f5es a viagens ao exterior.<\/p>\n<p>O valor corresponde a gastos com passagens a\u00e9reas, di\u00e1rias, hospedagens e demais despesas operacionais relacionadas \u00e0s viagens internacionais. Os deslocamentos, segundo governo, decorrem de compromissos diplom\u00e1ticos, participa\u00e7\u00e3o em f\u00f3runs multilaterais, reuni\u00f5es bilaterais e agendas voltadas \u00e0 coopera\u00e7\u00e3o econ\u00f4mica e pol\u00edtica entre pa\u00edses.<\/p>\n<p>No mesmo intervalo de tempo, os gastos com viagens nacionais s\u00e3o ainda maiores. As despesas com deslocamentos dentro do Brasil j\u00e1 somam R$ 6,2 bilh\u00f5es desde 2023.<\/p>\n<h4 class=\"wp-block-heading\" id=\"h-lula-inicia-viagem-com-15-ministros-a-europa\">Lula inicia viagem com 15 ministros \u00e0 Europa<\/h4>\n<p>O presidente iniciou na \u00faltima quinta-feira, 16, mais uma viagem internacional, desta vez com destino a tr\u00eas pa\u00edses europeus \u2014\u00a0Espanha, Alemanha e Portugal. A comitiva conta com 15 ministros, al\u00e9m de presidentes de \u00f3rg\u00e3os p\u00fablicos e primeira-dama brasileira, Janja da Silva.<\/p>\n<p>A agenda inclui encontros pol\u00edticos, f\u00f3runs multilaterais e assinatura de acordos. A primeira parada foi Barcelona, onde Lula participou da 1\u00aa C\u00fapula Brasil\u2013Espanha ao lado do premi\u00ea espanhol, o socialista Pedro S\u00e1nchez.<\/p>\n<p>No s\u00e1bado 18, o presidente brasileiro participou do F\u00f3rum de Defesa da Democracia, com discuss\u00f5es sobre desinforma\u00e7\u00e3o, desigualdades e a sucess\u00e3o na Secretaria-Geral da Organiza\u00e7\u00e3o das Na\u00e7\u00f5es Unidas. A viagem tamb\u00e9m busca apoio \u00e0 candidatura da chilena Michelle Bachelet para o comando do organismo.<\/p>\n<p>Neste domingo, 19, Lula seguiu para a Alemanha, onde participar\u00e1 da Hannover Messe, feira global de inova\u00e7\u00e3o que homenageia o Brasil. Est\u00e3o previstos encontros com autoridades e assinatura de cerca de dez acordos em \u00e1reas como Defesa, clima, intelig\u00eancia artificial e energia.<\/p>\n<p>A viagem terminar\u00e1 em Portugal, na pr\u00f3xima ter\u00e7a-feira, 21, com encontros com autoridades locais e discuss\u00f5es sobre coopera\u00e7\u00e3o tecnol\u00f3gica, imigra\u00e7\u00e3o e rela\u00e7\u00f5es bilaterais.<\/p>\n<p><strong><a href=\"https:\/\/revistaoeste.com\/politica\/gastos-com-viagens-internacionais-de-lula-se-aproximam-de-r-1-bilhao\/\">Cr\u00e9dito Revista Oeste<\/a><\/strong><\/p>\n<\/div>\n<p><br \/>\n<br \/><a href=\"https:\/\/paulofigueiredoshow.com\/gastos-de-lula-com-viagens-internacionais-se-aproximam-de-r-1-bi\/\">Source link <\/a><\/p>","protected":false},"excerpt":{"rendered":"<p>Despesas com deslocamentos ao exterior j\u00e1 somam R$ 972 milh\u00f5es, enquanto viagens nacionais ultrapassam R$ 6,2 bilh\u00f5es Neste fim de semana, o presidente\u00a0Luiz In\u00e1cio Lula da Silva\u00a0cumpre\u00a0mais uma agenda internacional.&hellip;<\/p>","protected":false},"author":1,"featured_media":130865,"comment_status":"closed","ping_status":"open","sticky":false,"template":"","format":"standard","meta":{"content-type":"","footnotes":""},"categories":[16],"tags":[],"class_list":["post-130864","post","type-post","status-publish","format-standard","has-post-thumbnail","hentry","category-noticias"],"_links":{"self":[{"href":"https:\/\/tvbrazilusa.com\/pt\/wp-json\/wp\/v2\/posts\/130864","targetHints":{"allow":["GET"]}}],"collection":[{"href":"https:\/\/tvbrazilusa.com\/pt\/wp-json\/wp\/v2\/posts"}],"about":[{"href":"https:\/\/tvbrazilusa.com\/pt\/wp-json\/wp\/v2\/types\/post"}],"author":[{"embeddable":true,"href":"https:\/\/tvbrazilusa.com\/pt\/wp-json\/wp\/v2\/users\/1"}],"replies":[{"embeddable":true,"href":"https:\/\/tvbrazilusa.com\/pt\/wp-json\/wp\/v2\/comments?post=130864"}],"version-history":[{"count":1,"href":"https:\/\/tvbrazilusa.com\/pt\/wp-json\/wp\/v2\/posts\/130864\/revisions"}],"predecessor-version":[{"id":130866,"href":"https:\/\/tvbrazilusa.com\/pt\/wp-json\/wp\/v2\/posts\/130864\/revisions\/130866"}],"wp:featuredmedia":[{"embeddable":true,"href":"https:\/\/tvbrazilusa.com\/pt\/wp-json\/wp\/v2\/media\/130865"}],"wp:attachment":[{"href":"https:\/\/tvbrazilusa.com\/pt\/wp-json\/wp\/v2\/media?parent=130864"}],"wp:term":[{"taxonomy":"category","embeddable":true,"href":"https:\/\/tvbrazilusa.com\/pt\/wp-json\/wp\/v2\/categories?post=130864"},{"taxonomy":"post_tag","embeddable":true,"href":"https:\/\/tvbrazilusa.com\/pt\/wp-json\/wp\/v2\/tags?post=130864"}],"curies":[{"name":"wp","href":"https:\/\/api.w.org\/{rel}","templated":true}]}}