{"id":130869,"date":"2026-04-20T19:34:02","date_gmt":"2026-04-20T19:34:02","guid":{"rendered":"https:\/\/tvbrazilusa.com\/2026\/04\/20\/pt-critica-trump-e-chama-captura-de-maduro-de-sequestro-paulo-figueiredo\/"},"modified":"2026-04-20T19:34:56","modified_gmt":"2026-04-20T19:34:56","slug":"pt-critica-trump-e-chama-captura-de-maduro-de-sequestro-paulo-figueiredo","status":"publish","type":"post","link":"https:\/\/tvbrazilusa.com\/pt\/2026\/04\/20\/pt-critica-trump-e-chama-captura-de-maduro-de-sequestro-paulo-figueiredo\/","title":{"rendered":"PT critica Trump e chama captura de Maduro de &#8220;sequestro&#8221; &#8211; Paulo Figueiredo"},"content":{"rendered":"<p> <script async src=\"https:\/\/pagead2.googlesyndication.com\/pagead\/js\/adsbygoogle.js?client=ca-pub-8864793242727901\"\r\n     crossorigin=\"anonymous\"><\/script><br \/>\n<\/p>\n<div id=\"wtr-content\" data-bg=\"#FFFFFF\" data-fg=\"#006d91\" data-width=\"25\" data-mute=\"1\" data-fgopacity=\"1.00\" data-mutedopacity=\"0.5\" data-placement=\"bottom\" data-placement-offset=\"0\" data-content-offset=\"262\" data-placement-touch=\"bottom\" data-placement-offset-touch=\"0\" data-transparent=\"\" data-shadow=\"0\" data-touch=\"1\" data-non-touch=\"1\" data-comments=\"0\" data-commentsbg=\"transparent\" data-location=\"page\" data-mutedfg=\"#006d91\" data-endfg=\"#006d91\" data-rtl=\"\">\n<h4 class=\"wp-block-heading\">Em documento capitaneado por Jos\u00e9 Dirceu, partido sai em defesa do ex-ditador venezuelano<\/h4>\n<p>O\u00a0Partido dos Trabalhadores\u00a0(PT) fez duras cr\u00edticas ao presidente dos Estados Unidos, Donald Trump, e classificou como \u201csequestro\u201d a captura do ex-ditador venezuelano Nicol\u00e1s Maduro. Tais posicionamentos integram\u00a0plano de campanha\u00a0para a candidatura \u00e0 reelei\u00e7\u00e3o do presidente\u00a0Luiz In\u00e1cio Lula da Silva.<\/p>\n<p>A elabora\u00e7\u00e3o do documento foi coordenada pelo ex-ministro da Casa Civil Jos\u00e9 Dirceu. Nele, o partido cita a Constitui\u00e7\u00e3o de 1988 para defender uma atua\u00e7\u00e3o internacional \u201cbaseada na diplomacia\u201d e contr\u00e1ria a Trump.<\/p>\n<p>\u201cA luta pela paz n\u00e3o \u00e9 neutralidade diante das injusti\u00e7as, mas compromisso ativo com a soberania dos povos\u201d, afirma a dire\u00e7\u00e3o do PT, em trecho do documento. \u201cCom o Direito Internacional e com a constru\u00e7\u00e3o de uma ordem mundial baseada na coopera\u00e7\u00e3o, e n\u00e3o na for\u00e7a.\u201d<\/p>\n<h2 class=\"wp-block-heading\" id=\"h-pt-chama-trump-de-intervencionista\">PT chama Trump de \u201cintervencionista\u201d<\/h2>\n<p>Ao abordar a atua\u00e7\u00e3o dos\u00a0<strong><a href=\"https:\/\/www.whitehouse.gov\/\">Estados Unidos<\/a><\/strong>, o PT aponta o que chama de retomada de uma pol\u00edtica intervencionista na regi\u00e3o.<\/p>\n<p>\u201cA deposi\u00e7\u00e3o e o sequestro do presidente venezuelano Nicol\u00e1s Maduro pelas for\u00e7as especiais norte-americanas mostram que a ofensiva imperialista n\u00e3o \u00e9 um termo ret\u00f3rico\u201d, afirmou a sigla. \u201cMas um ato concreto de viola\u00e7\u00e3o do Direito internacional.\u201d<\/p>\n<p>O partido tamb\u00e9m menciona outras a\u00e7\u00f5es atribu\u00eddas aos EUA, como press\u00e3o econ\u00f4mica e diplom\u00e1tica sobre pa\u00edses latino-americanos. Segundo o texto, h\u00e1 \u201ccerco e agress\u00e3o\u201d \u00e0 Venezuela e continuidade do bloqueio a Cuba, classificado como \u201cbrutal e ilegal\u201d. O PT, entretanto, n\u00e3o critica o Partido Comunista cubano, que controla a ilha caribenha desde 1959.<\/p>\n<p>Por fim, o documento tamb\u00e9m critica o protecionismo e a condu\u00e7\u00e3o da pol\u00edtica externa norte-americana sob Trump. Para o partido, a estrat\u00e9gia dos EUA envolve \u201ca tentativa de recompor a hegemonia por meio da coer\u00e7\u00e3o, da ruptura de acordos multilaterais e da instrumentaliza\u00e7\u00e3o de guerras comerciais e tecnol\u00f3gicas\u201d.<\/p>\n<p>As diretrizes integram o conjunto de propostas que o PT deve formalizar em congresso partid\u00e1rio, a partir da pr\u00f3xima sexta-feira, 24, e servir\u00e3o de base para a formula\u00e7\u00e3o do programa de governo da legenda nas elei\u00e7\u00f5es presidenciais de 2026.<\/p>\n<p><strong><a href=\"https:\/\/revistaoeste.com\/politica\/pt-critica-trump-e-chama-captura-de-maduro-de-sequestro\/\">Cr\u00e9dito Revista Oeste<\/a><\/strong><\/p>\n<\/div>\n<p><br \/>\n<br \/><a href=\"https:\/\/paulofigueiredoshow.com\/pt-critica-trump-e-chama-captura-de-maduro-de-sequestro\/\">Source link <\/a><\/p>","protected":false},"excerpt":{"rendered":"<p>Em documento capitaneado por Jos\u00e9 Dirceu, partido sai em defesa do ex-ditador venezuelano O\u00a0Partido dos Trabalhadores\u00a0(PT) fez duras cr\u00edticas ao presidente dos Estados Unidos, Donald Trump, e classificou como \u201csequestro\u201d&hellip;<\/p>","protected":false},"author":1,"featured_media":130870,"comment_status":"closed","ping_status":"open","sticky":false,"template":"","format":"standard","meta":{"content-type":"","footnotes":""},"categories":[16],"tags":[],"class_list":["post-130869","post","type-post","status-publish","format-standard","has-post-thumbnail","hentry","category-noticias"],"_links":{"self":[{"href":"https:\/\/tvbrazilusa.com\/pt\/wp-json\/wp\/v2\/posts\/130869","targetHints":{"allow":["GET"]}}],"collection":[{"href":"https:\/\/tvbrazilusa.com\/pt\/wp-json\/wp\/v2\/posts"}],"about":[{"href":"https:\/\/tvbrazilusa.com\/pt\/wp-json\/wp\/v2\/types\/post"}],"author":[{"embeddable":true,"href":"https:\/\/tvbrazilusa.com\/pt\/wp-json\/wp\/v2\/users\/1"}],"replies":[{"embeddable":true,"href":"https:\/\/tvbrazilusa.com\/pt\/wp-json\/wp\/v2\/comments?post=130869"}],"version-history":[{"count":1,"href":"https:\/\/tvbrazilusa.com\/pt\/wp-json\/wp\/v2\/posts\/130869\/revisions"}],"predecessor-version":[{"id":130871,"href":"https:\/\/tvbrazilusa.com\/pt\/wp-json\/wp\/v2\/posts\/130869\/revisions\/130871"}],"wp:featuredmedia":[{"embeddable":true,"href":"https:\/\/tvbrazilusa.com\/pt\/wp-json\/wp\/v2\/media\/130870"}],"wp:attachment":[{"href":"https:\/\/tvbrazilusa.com\/pt\/wp-json\/wp\/v2\/media?parent=130869"}],"wp:term":[{"taxonomy":"category","embeddable":true,"href":"https:\/\/tvbrazilusa.com\/pt\/wp-json\/wp\/v2\/categories?post=130869"},{"taxonomy":"post_tag","embeddable":true,"href":"https:\/\/tvbrazilusa.com\/pt\/wp-json\/wp\/v2\/tags?post=130869"}],"curies":[{"name":"wp","href":"https:\/\/api.w.org\/{rel}","templated":true}]}}