{"id":130874,"date":"2026-04-20T19:40:24","date_gmt":"2026-04-20T19:40:24","guid":{"rendered":"https:\/\/tvbrazilusa.com\/2026\/04\/20\/gilmar-pede-a-moraes-para-incluir-zema-em-inquerito-das-fake-news-paulo-figueiredo\/"},"modified":"2026-04-20T19:42:05","modified_gmt":"2026-04-20T19:42:05","slug":"gilmar-pede-a-moraes-para-incluir-zema-em-inquerito-das-fake-news-paulo-figueiredo","status":"publish","type":"post","link":"https:\/\/tvbrazilusa.com\/pt\/2026\/04\/20\/gilmar-pede-a-moraes-para-incluir-zema-em-inquerito-das-fake-news-paulo-figueiredo\/","title":{"rendered":"Gilmar pede a Moraes para incluir Zema em Inqu\u00e9rito das Fake News &#8211; Paulo Figueiredo"},"content":{"rendered":"<p> <script async src=\"https:\/\/pagead2.googlesyndication.com\/pagead\/js\/adsbygoogle.js?client=ca-pub-8864793242727901\"\r\n     crossorigin=\"anonymous\"><\/script><br \/>\n<\/p>\n<div id=\"wtr-content\" data-bg=\"#FFFFFF\" data-fg=\"#006d91\" data-width=\"25\" data-mute=\"1\" data-fgopacity=\"1.00\" data-mutedopacity=\"0.5\" data-placement=\"bottom\" data-placement-offset=\"0\" data-content-offset=\"262\" data-placement-touch=\"bottom\" data-placement-offset-touch=\"0\" data-transparent=\"\" data-shadow=\"0\" data-touch=\"1\" data-non-touch=\"1\" data-comments=\"0\" data-commentsbg=\"transparent\" data-location=\"page\" data-mutedfg=\"#006d91\" data-endfg=\"#006d91\" data-rtl=\"\">\n<h4 class=\"wp-block-heading\">Ministro Gilmar Mendes envia not\u00edcia-crime contra o ex-governador Romeu Zema e pede que o pol\u00edtico mineiro seja inclu\u00eddo no inqu\u00e9rito<\/h4>\n<p>O ministro\u00a0Gilmar Mendes, do Supremo Tribunal Federal (STF),\u00a0pediu que o ex-governador de Minas Gerais\u00a0Romeu Zema\u00a0(Novo) seja inclu\u00eddo no\u00a0Inqu\u00e9rito das Fake News. A solicita\u00e7\u00e3o, feita por meio de not\u00edcia-crime, foi enviada ao ministro Alexandre de Moraes, relator do inqu\u00e9rito na Suprema Corte. A informa\u00e7\u00e3o foi revelada em primeira m\u00e3o pela colunista M\u00f4nica B\u00e9rgamo, da Folha de S. Paulo, e confirmada pela coluna.<\/p>\n<p>A solicita\u00e7\u00e3o foi motivada por um\u00a0v\u00eddeo publicado por Zema\u00a0nas redes sociais. A produ\u00e7\u00e3o, divulgada no m\u00eas passado, mostra Gilmar Mendes e Dias Toffoli representados por fantoches. O v\u00eddeo simula ainda di\u00e1logos entre os dois magistrados, que s\u00e3o representados pelos bonecos.<\/p>\n<p>Em trecho do documento,\u00a0o magistrado diz que Zema \u201cvilipendia n\u00e3o apenas a honra e a imagem do Supremo Tribunal Federal, como tamb\u00e9m da minha pr\u00f3pria pessoa\u201c.<\/p>\n<p>O ministro ainda chama a produ\u00e7\u00e3o de Zema de \u201cdeep-fake\u201c, que se valeu de \u201csofisticada edi\u00e7\u00e3o profissional\u201d. Diz ainda que a publica\u00e7\u00e3o tem \u201cclaro intuito de vulnerar a higidez desta institui\u00e7\u00e3o da Rep\u00fablica, com objetivo de realizar promo\u00e7\u00e3o pessoal\u201d.<\/p>\n<p>Pr\u00e9-candidato \u00e0 Presid\u00eancia da Rep\u00fablica, Romeu Zema protagonizou embates com Gilmar Mendes nos \u00faltimos dias. Em outro v\u00eddeo, publicado na semana passada, o pol\u00edtico mineiro\u00a0defendeu a pris\u00e3o de Gilmar Mendes e Dias Toffoli, ap\u00f3s\u00a0indiciamento ser apresentado em requerimento\u00a0produzido pela CPI do Crime Organizado.<\/p>\n<p>Com a repercuss\u00e3o da publica\u00e7\u00e3o, o decano do STF tamb\u00e9m\u00a0usou as redes sociais para reagir ao v\u00eddeo.\u00a0Em postagem no X, Gilmar Mendes afirmou que \u201c\u00e9, no m\u00ednimo, ir\u00f4nico ver quem j\u00e1 geriu o Estado de Minas Gerais atacar o STF e os seus membros\u201d ap\u00f3s ter solicitado ao Tribunal o adiamento do pagamento de d\u00edvidas com a Uni\u00e3o.<\/p>\n<p><strong><a href=\"https:\/\/www.metropoles.com\/colunas\/manoela-alcantara\/inquerito-das-fake-news-gilmar-mendes-pede-que-stf-investigue-zema\">Cr\u00e9dito Metr\u00f3poles<\/a><\/strong><\/p>\n<\/div>\n<p><br \/>\n<br \/><a href=\"https:\/\/paulofigueiredoshow.com\/gilmar-pede-a-moraes-para-incluir-zema-em-inquerito-das-fake-news\/\">Source link <\/a><\/p>","protected":false},"excerpt":{"rendered":"<p>Ministro Gilmar Mendes envia not\u00edcia-crime contra o ex-governador Romeu Zema e pede que o pol\u00edtico mineiro seja inclu\u00eddo no inqu\u00e9rito O ministro\u00a0Gilmar Mendes, do Supremo Tribunal Federal (STF),\u00a0pediu que o&hellip;<\/p>","protected":false},"author":1,"featured_media":130875,"comment_status":"closed","ping_status":"open","sticky":false,"template":"","format":"standard","meta":{"content-type":"","footnotes":""},"categories":[16],"tags":[],"class_list":["post-130874","post","type-post","status-publish","format-standard","has-post-thumbnail","hentry","category-noticias"],"_links":{"self":[{"href":"https:\/\/tvbrazilusa.com\/pt\/wp-json\/wp\/v2\/posts\/130874","targetHints":{"allow":["GET"]}}],"collection":[{"href":"https:\/\/tvbrazilusa.com\/pt\/wp-json\/wp\/v2\/posts"}],"about":[{"href":"https:\/\/tvbrazilusa.com\/pt\/wp-json\/wp\/v2\/types\/post"}],"author":[{"embeddable":true,"href":"https:\/\/tvbrazilusa.com\/pt\/wp-json\/wp\/v2\/users\/1"}],"replies":[{"embeddable":true,"href":"https:\/\/tvbrazilusa.com\/pt\/wp-json\/wp\/v2\/comments?post=130874"}],"version-history":[{"count":1,"href":"https:\/\/tvbrazilusa.com\/pt\/wp-json\/wp\/v2\/posts\/130874\/revisions"}],"predecessor-version":[{"id":130876,"href":"https:\/\/tvbrazilusa.com\/pt\/wp-json\/wp\/v2\/posts\/130874\/revisions\/130876"}],"wp:featuredmedia":[{"embeddable":true,"href":"https:\/\/tvbrazilusa.com\/pt\/wp-json\/wp\/v2\/media\/130875"}],"wp:attachment":[{"href":"https:\/\/tvbrazilusa.com\/pt\/wp-json\/wp\/v2\/media?parent=130874"}],"wp:term":[{"taxonomy":"category","embeddable":true,"href":"https:\/\/tvbrazilusa.com\/pt\/wp-json\/wp\/v2\/categories?post=130874"},{"taxonomy":"post_tag","embeddable":true,"href":"https:\/\/tvbrazilusa.com\/pt\/wp-json\/wp\/v2\/tags?post=130874"}],"curies":[{"name":"wp","href":"https:\/\/api.w.org\/{rel}","templated":true}]}}