{"id":130877,"date":"2026-04-20T19:44:59","date_gmt":"2026-04-20T19:44:59","guid":{"rendered":"https:\/\/tvbrazilusa.com\/2026\/04\/20\/eduardo-publica-foto-de-moraes-com-tabata-e-contesta-imparcialidade-do-magistrado-paulo-figueiredo\/"},"modified":"2026-04-20T19:47:47","modified_gmt":"2026-04-20T19:47:47","slug":"eduardo-publica-foto-de-moraes-com-tabata-e-contesta-imparcialidade-do-magistrado-paulo-figueiredo","status":"publish","type":"post","link":"https:\/\/tvbrazilusa.com\/pt\/2026\/04\/20\/eduardo-publica-foto-de-moraes-com-tabata-e-contesta-imparcialidade-do-magistrado-paulo-figueiredo\/","title":{"rendered":"Eduardo publica foto de Moraes com Tabata e contesta imparcialidade do magistrado &#8211; Paulo Figueiredo"},"content":{"rendered":"<p> <script async src=\"https:\/\/pagead2.googlesyndication.com\/pagead\/js\/adsbygoogle.js?client=ca-pub-8864793242727901\"\r\n     crossorigin=\"anonymous\"><\/script><br \/>\n<\/p>\n<div id=\"wtr-content\" data-bg=\"#FFFFFF\" data-fg=\"#006d91\" data-width=\"25\" data-mute=\"1\" data-fgopacity=\"1.00\" data-mutedopacity=\"0.5\" data-placement=\"bottom\" data-placement-offset=\"0\" data-content-offset=\"262\" data-placement-touch=\"bottom\" data-placement-offset-touch=\"0\" data-transparent=\"\" data-shadow=\"0\" data-touch=\"1\" data-non-touch=\"1\" data-comments=\"0\" data-commentsbg=\"transparent\" data-location=\"page\" data-mutedfg=\"#006d91\" data-endfg=\"#006d91\" data-rtl=\"\">\n<h4 class=\"wp-block-heading\">Publica\u00e7\u00e3o ocorre depois de decis\u00e3o do ministro que fixou pena de um ano em regime aberto e multa superior a R$ 126 mil<\/h4>\n<p>O ex-parlamentar\u00a0Eduardo Bolsonaro (PL-RJ)\u00a0publicou, em suas redes sociais, uma imagem em que aparece o ministro Alexandre de Moraes, do\u00a0Supremo Tribunal Federal (STF), na cerim\u00f4nia de casamento da deputada Tabata Amaral (PSB-SP) com o ex-prefeito do Recife Jo\u00e3o Campos (PSB).\u00a0<\/p>\n<p>Na postagem, Eduardo menciona dispositivos legais que tratam da suspei\u00e7\u00e3o de ju\u00edzes e contesta a imparcialidade de Moraes. Ele cita o C\u00f3digo de Processo Penal (CPP) e o C\u00f3digo de Processo Civil (CPC), que preveem impedimento quando h\u00e1 rela\u00e7\u00e3o de amizade entre magistrado e partes envolvidas no processo.\u00a0<\/p>\n<p>\u201cNa mesma imagem: a autora do processo contra mim (Tabata) e o \u2018juiz\u2019 (Moraes) que me condenou a 1 ano de pris\u00e3o + multa, tudo no casamento dela\u201d, escreveu o ex-deputado. \u201cIsso que se tornou o Brasil com a associa\u00e7\u00e3o Lula-Moraes. J\u00e1 imaginou ser condenado por um juiz amigo daquela que te processa?\u201d\u00a0<\/p>\n<p>Conforme\u00a0<strong>Oeste<\/strong>,\u00a0Moraes votou, na sexta-feira 17, pela condena\u00e7\u00e3o de Eduardo por difama\u00e7\u00e3o contra Tabata. O ministro fixou pena em um ano de pris\u00e3o em regime aberto e o pagamento de multa de mais de R$ 126 mil.\u00a0<\/p>\n<p>O magistrado sustentou o voto com base em publica\u00e7\u00f5es feitas pelo ex-deputado em 2021. Na ocasi\u00e3o, ele afirmou que Tabata teria elaborado um\u00a0projeto de lei (PL)\u00a0com objetivo de beneficiar terceiros de forma il\u00edcita.\u00a0<\/p>\n<p>\u201cTabata Amaral, criadora do PL dos absorventes, teve sua campanha financiada pelo empres\u00e1rio Jorge Paulo Lemann, que por coincid\u00eancia pertence \u00e0 empresa P&#038;G, que fabrica absorventes\u201d, escreveu Eduardo.\u00a0<\/p>\n<h4 class=\"wp-block-heading\" id=\"h-defesa-invoca-imunidade-parlamentar-e-moraes-rejeita-garantia-constitucional-nbsp\"><strong>Defesa invoca imunidade parlamentar, e Moraes rejeita garantia constitucional\u00a0<\/strong><\/h4>\n<p>A defesa do ex-deputado baseou sua argumenta\u00e7\u00e3o na imunidade parlamentar. Os advogados sustentaram que as declara\u00e7\u00f5es ocorreram no exerc\u00edcio do mandato e no contexto do debate legislativo.<\/p>\n<p>Eles tamb\u00e9m afirmaram que n\u00e3o houve inten\u00e7\u00e3o criminosa. Apontaram atipicidade da conduta, aus\u00eancia de justa causa e indicaram poss\u00edveis nulidades no processo, al\u00e9m de questionarem a compet\u00eancia do STF.<\/p>\n<p>No entanto, Moraes rejeitou os argumentos e afirmou que a Corte j\u00e1 afastou a aplica\u00e7\u00e3o de imunidade parlamentar nesse caso. Al\u00e9m disso, ponderou que as falas n\u00e3o t\u00eam rela\u00e7\u00e3o com a atividade legislativa.\u00a0<\/p>\n<p><strong><a href=\"https:\/\/revistaoeste.com\/politica\/eduardo-bolsonaro-publica-foto-de-moraes-com-tabata-amaral\/\">Cr\u00e9dito Revista Oeste<\/a><\/strong><\/p>\n<\/div>\n<p><br \/>\n<br \/><a href=\"https:\/\/paulofigueiredoshow.com\/eduardo-publica-foto-de-moraes-com-tabata-e-contesta-imparcialidade-do-magistrado\/\">Source link <\/a><\/p>","protected":false},"excerpt":{"rendered":"<p>Publica\u00e7\u00e3o ocorre depois de decis\u00e3o do ministro que fixou pena de um ano em regime aberto e multa superior a R$ 126 mil O ex-parlamentar\u00a0Eduardo Bolsonaro (PL-RJ)\u00a0publicou, em suas redes&hellip;<\/p>","protected":false},"author":1,"featured_media":130878,"comment_status":"closed","ping_status":"open","sticky":false,"template":"","format":"standard","meta":{"content-type":"","footnotes":""},"categories":[16],"tags":[],"class_list":["post-130877","post","type-post","status-publish","format-standard","has-post-thumbnail","hentry","category-noticias"],"_links":{"self":[{"href":"https:\/\/tvbrazilusa.com\/pt\/wp-json\/wp\/v2\/posts\/130877","targetHints":{"allow":["GET"]}}],"collection":[{"href":"https:\/\/tvbrazilusa.com\/pt\/wp-json\/wp\/v2\/posts"}],"about":[{"href":"https:\/\/tvbrazilusa.com\/pt\/wp-json\/wp\/v2\/types\/post"}],"author":[{"embeddable":true,"href":"https:\/\/tvbrazilusa.com\/pt\/wp-json\/wp\/v2\/users\/1"}],"replies":[{"embeddable":true,"href":"https:\/\/tvbrazilusa.com\/pt\/wp-json\/wp\/v2\/comments?post=130877"}],"version-history":[{"count":1,"href":"https:\/\/tvbrazilusa.com\/pt\/wp-json\/wp\/v2\/posts\/130877\/revisions"}],"predecessor-version":[{"id":130879,"href":"https:\/\/tvbrazilusa.com\/pt\/wp-json\/wp\/v2\/posts\/130877\/revisions\/130879"}],"wp:featuredmedia":[{"embeddable":true,"href":"https:\/\/tvbrazilusa.com\/pt\/wp-json\/wp\/v2\/media\/130878"}],"wp:attachment":[{"href":"https:\/\/tvbrazilusa.com\/pt\/wp-json\/wp\/v2\/media?parent=130877"}],"wp:term":[{"taxonomy":"category","embeddable":true,"href":"https:\/\/tvbrazilusa.com\/pt\/wp-json\/wp\/v2\/categories?post=130877"},{"taxonomy":"post_tag","embeddable":true,"href":"https:\/\/tvbrazilusa.com\/pt\/wp-json\/wp\/v2\/tags?post=130877"}],"curies":[{"name":"wp","href":"https:\/\/api.w.org\/{rel}","templated":true}]}}