{"id":130882,"date":"2026-04-20T19:35:42","date_gmt":"2026-04-20T19:35:42","guid":{"rendered":"https:\/\/tvbrazilusa.com\/2026\/04\/20\/tre-rj-autoriza-pt-a-parcelar-divida-de-r-570-mil-em-120-vezes-paulo-figueiredo\/"},"modified":"2026-04-20T19:53:48","modified_gmt":"2026-04-20T19:53:48","slug":"tre-rj-autoriza-pt-a-parcelar-divida-de-r-570-mil-em-120-vezes-paulo-figueiredo","status":"publish","type":"post","link":"https:\/\/tvbrazilusa.com\/pt\/2026\/04\/20\/tre-rj-autoriza-pt-a-parcelar-divida-de-r-570-mil-em-120-vezes-paulo-figueiredo\/","title":{"rendered":"TRE-RJ autoriza PT a parcelar d\u00edvida de R$ 570 mil em 120 vezes &#8211; Paulo Figueiredo"},"content":{"rendered":"<p> <script async src=\"https:\/\/pagead2.googlesyndication.com\/pagead\/js\/adsbygoogle.js?client=ca-pub-8864793242727901\"\r\n     crossorigin=\"anonymous\"><\/script><br \/>\n<\/p>\n<div id=\"wtr-content\" data-bg=\"#FFFFFF\" data-fg=\"#006d91\" data-width=\"25\" data-mute=\"1\" data-fgopacity=\"1.00\" data-mutedopacity=\"0.5\" data-placement=\"bottom\" data-placement-offset=\"0\" data-content-offset=\"262\" data-placement-touch=\"bottom\" data-placement-offset-touch=\"0\" data-transparent=\"\" data-shadow=\"0\" data-touch=\"1\" data-non-touch=\"1\" data-comments=\"0\" data-commentsbg=\"transparent\" data-location=\"page\" data-mutedfg=\"#006d91\" data-endfg=\"#006d91\" data-rtl=\"\">\n<h4 class=\"wp-block-heading\">Quantia diz respeito \u00e0 aplica\u00e7\u00e3o irregular do fundo partid\u00e1rio no ano de 2018, com acr\u00e9scimo de multa de R$ 11 mil<\/h4>\n<p>Uma decis\u00e3o recente do Tribunal Regional Eleitoral do Rio de Janeiro (TRE-RJ) permitiu ao Partido dos Trabalhadores (PT) do Rio parcelar em 120 vezes um d\u00e9bito de R$ 573 mil. O entendimento ampliou o prazo inicialmente previsto de 12 meses.<\/p>\n<p>A quantia diz respeito \u00e0 aplica\u00e7\u00e3o irregular de R$ 562 mil do fundo partid\u00e1rio no ano de 2018. O valor teve acr\u00e9scimo de multa de R$ 11 mil determinada pela Justi\u00e7a Eleitoral.<\/p>\n<p>A solicita\u00e7\u00e3o para estender o prazo ocorreu por parte do partido e recebeu aprova\u00e7\u00e3o do presidente do TRE-RJ, desembargador Claudio de Melo Tavares. Ele \u00e9 o respons\u00e1vel pela homologa\u00e7\u00e3o do acordo.<\/p>\n<p>Esse montante ser\u00e1 abatido dos pr\u00f3ximos repasses do fundo partid\u00e1rio ao diret\u00f3rio estadual. Cada parcela incluir\u00e1 atualiza\u00e7\u00e3o monet\u00e1ria e juros, conforme c\u00e1lculo definido pela Justi\u00e7a.<\/p>\n<h4 class=\"wp-block-heading\" id=\"h-pt-propoe-mudancas-nas-forcas-armadas-e-no-stf\">PT prop\u00f5e mudan\u00e7as nas For\u00e7as Armadas e no STF<\/h4>\n<p>O\u00a0Partido dos Trabalhadores\u00a0(PT) vai formalizar, a partir da pr\u00f3xima sexta-feira, 24, durante o 8\u00ba Congresso Nacional da sigla, o programa partid\u00e1rio e as diretrizes que devem orientar o plano de\u00a0governo\u00a0da campanha \u00e0 reelei\u00e7\u00e3o do presidente\u00a0Luiz In\u00e1cio Lula da Silva.<\/p>\n<p>Os textos t\u00eam como eixo central a amplia\u00e7\u00e3o do papel do Estado na economia e nas institui\u00e7\u00f5es p\u00fablicas e n\u00e3o apresenta promessas diretas ao eleitorado. A proposta estrutura diretrizes gerais e formula questionamentos internos aos filiados, estabelecendo uma linha de atua\u00e7\u00e3o sem detalhar pol\u00edticas p\u00fablicas espec\u00edficas.<\/p>\n<p>A elabora\u00e7\u00e3o do documento teve coordena\u00e7\u00e3o do ex-ministro da Casa Civil Jos\u00e9 Dirceu. Entre os pontos abordados est\u00e3o uma reforma tribut\u00e1ria progressiva com juros abaixo de 10%, revis\u00f5es mais amplas no Estado e propostas de reformula\u00e7\u00e3o do Judici\u00e1rio, incluindo o Supremo Tribunal Federal (STF), e das\u00a0For\u00e7as Armadas.<\/p>\n<p>Dirceu tamb\u00e9m defende o fim das emendas parlamentares impositivas. O petista sugere uma reforma pol\u00edtica com voto em lista e altera\u00e7\u00f5es no sistema eleitoral.<\/p>\n<p><a href=\"https:\/\/revistaoeste.com\/politica\/tre-rj-autoriza-pt-a-parcelar-divida-de-r-570-mil-em-120-vezes\/\">Cr\u00e9dito Revista Oeste<\/a><\/p>\n<\/div>\n<p><br \/>\n<br \/><a href=\"https:\/\/paulofigueiredoshow.com\/tre-rj-autoriza-pt-a-parcelar-divida-de-r-570-mil-em-120-vezes\/\">Source link <\/a><\/p>","protected":false},"excerpt":{"rendered":"<p>Quantia diz respeito \u00e0 aplica\u00e7\u00e3o irregular do fundo partid\u00e1rio no ano de 2018, com acr\u00e9scimo de multa de R$ 11 mil Uma decis\u00e3o recente do Tribunal Regional Eleitoral do Rio&hellip;<\/p>","protected":false},"author":1,"featured_media":129985,"comment_status":"closed","ping_status":"open","sticky":false,"template":"","format":"standard","meta":{"content-type":"","footnotes":""},"categories":[16],"tags":[],"class_list":["post-130882","post","type-post","status-publish","format-standard","has-post-thumbnail","hentry","category-noticias"],"_links":{"self":[{"href":"https:\/\/tvbrazilusa.com\/pt\/wp-json\/wp\/v2\/posts\/130882","targetHints":{"allow":["GET"]}}],"collection":[{"href":"https:\/\/tvbrazilusa.com\/pt\/wp-json\/wp\/v2\/posts"}],"about":[{"href":"https:\/\/tvbrazilusa.com\/pt\/wp-json\/wp\/v2\/types\/post"}],"author":[{"embeddable":true,"href":"https:\/\/tvbrazilusa.com\/pt\/wp-json\/wp\/v2\/users\/1"}],"replies":[{"embeddable":true,"href":"https:\/\/tvbrazilusa.com\/pt\/wp-json\/wp\/v2\/comments?post=130882"}],"version-history":[{"count":1,"href":"https:\/\/tvbrazilusa.com\/pt\/wp-json\/wp\/v2\/posts\/130882\/revisions"}],"predecessor-version":[{"id":130883,"href":"https:\/\/tvbrazilusa.com\/pt\/wp-json\/wp\/v2\/posts\/130882\/revisions\/130883"}],"wp:featuredmedia":[{"embeddable":true,"href":"https:\/\/tvbrazilusa.com\/pt\/wp-json\/wp\/v2\/media\/129985"}],"wp:attachment":[{"href":"https:\/\/tvbrazilusa.com\/pt\/wp-json\/wp\/v2\/media?parent=130882"}],"wp:term":[{"taxonomy":"category","embeddable":true,"href":"https:\/\/tvbrazilusa.com\/pt\/wp-json\/wp\/v2\/categories?post=130882"},{"taxonomy":"post_tag","embeddable":true,"href":"https:\/\/tvbrazilusa.com\/pt\/wp-json\/wp\/v2\/tags?post=130882"}],"curies":[{"name":"wp","href":"https:\/\/api.w.org\/{rel}","templated":true}]}}