{"id":130990,"date":"2026-01-27T15:27:18","date_gmt":"2026-01-27T15:27:18","guid":{"rendered":"https:\/\/tvbrazilusa.com\/2026\/01\/27\/show-da-manha-caminhada-de-nikolas-acordou-o-brasil-27-01-2026\/"},"modified":"2026-01-27T15:27:18","modified_gmt":"2026-01-27T15:27:18","slug":"show-da-manha-caminhada-de-nikolas-acordou-o-brasil-27-01-2026","status":"publish","type":"post","link":"https:\/\/tvbrazilusa.com\/pt\/2026\/01\/27\/show-da-manha-caminhada-de-nikolas-acordou-o-brasil-27-01-2026\/","title":{"rendered":"SHOW DA MANH\u00c3 &#8211; CAMINHADA DE NIKOLAS ACORDOU O BRASIL? &#8211; 27\/01\/2026"},"content":{"rendered":"<p><iframe  width=\"580\" height=\"385\" src=\"https:\/\/www.youtube.com\/embed\/PBQwICGShlg?modestbranding=1\" frameborder=\"0\" allowfullscreen><\/iframe><br \/>\n<br \/>Apresentado por Marco Ant\u00f4nio Costa<br \/>\nConvidados: Cel. Gerson Gomes e Enio Viterbo<br \/>\nParticipa\u00e7\u00e3o Especial: Tassos Lycurgo e Ernesto Ara\u00fajo<\/p>\n<p>INSCREVA-SE NO NOSSO CANAL! CURTA E COMPARTILHE NOSSA LIVE!<\/p>\n<p>O SHOW DA MANH\u00c3 VAI AO AR DE SEGUNDA A SEXTA, DAS 10H \u00c0S 12H.<\/p>\n<p>DOCUMENT\u00c1RIO &#8220;TRADI\u00c7\u00c3O&#8221;, DIRIGIDO POR GUSTAVO LOPES: <\/p>\n<p>PORTAL FIO DI\u00c1RIO: NOT\u00cdCIAS, CONTE\u00daDOS ESPECIAIS E ASSINATURAS FIO DI\u00c1RIO+ COM DESCONTO!\ud83d\udc49\u2060 <\/p>\n<p>FA\u00c7A SUA DOA\u00c7\u00c3O PARA O FIO DI\u00c1RIO PELO PIX: contato@fiodiario.com<\/p>\n<p>ADQUIRA J\u00c1 A SUA CAMISETA &#8220;FORA MORAES&#8221; (CUPOM \u201cFIODIARIO10\u201d PARA 10% DE DESCONTO) \ud83d\udc49 <\/p>\n<p>APROVEITE O SALD\u00c3O DE JANEIRO DA LIVRARIA FIO DI\u00c1RIO! S\u00d3 AT\u00c9 27\/01! \ud83d\udc49 <\/p>\n<p>IFPE BRASIL: <\/p>\n<p>SIGA NO INSTAGRAM:<br \/>\nMarco Ant\u00f4nio Costa: <\/p>\n<p>Fio Di\u00e1rio: <\/p>\n<p>SEJA UM VOLUNT\u00c1RIO E NOS AJUDE EM NOSSA LUTA PELA LIBERDADE: <\/p>\n<p>SIGA O CANAL FIO DI\u00c1RIO NO WHATSAPP: <\/p>\n<p>SIGA O CANAL FIO DI\u00c1RIO NO TELEGRAM: <\/p>\n<p>SIGA O CANAL MARCO ANT\u00d4NIO COSTA NO TELEGRAM: <\/p>\n<p>OU\u00c7A NO SPOTIFY: <\/p>\n<p>Fabiano Silva (Charges):<br \/>\nInstagram: <\/p>\n<p><a href=\"https:\/\/www.youtube.com\/watch?v=PBQwICGShlg\">source<\/a><\/p>","protected":false},"excerpt":{"rendered":"<p>Apresentado por Marco Ant\u00f4nio Costa Convidados: Cel. Gerson Gomes e Enio Viterbo Participa\u00e7\u00e3o Especial: Tassos Lycurgo e Ernesto Ara\u00fajo INSCREVA-SE NO NOSSO CANAL! CURTA E COMPARTILHE NOSSA LIVE! O SHOW&hellip;<\/p>","protected":false},"author":1,"featured_media":130991,"comment_status":"","ping_status":"open","sticky":false,"template":"","format":"standard","meta":{"content-type":"","footnotes":""},"categories":[17],"tags":[3975,123,35308,557,346,63],"class_list":["post-130990","post","type-post","status-publish","format-standard","has-post-thumbnail","hentry","category-programas","tag-acordou","tag-brasil","tag-caminhada","tag-manha","tag-nikolas","tag-show"],"_links":{"self":[{"href":"https:\/\/tvbrazilusa.com\/pt\/wp-json\/wp\/v2\/posts\/130990","targetHints":{"allow":["GET"]}}],"collection":[{"href":"https:\/\/tvbrazilusa.com\/pt\/wp-json\/wp\/v2\/posts"}],"about":[{"href":"https:\/\/tvbrazilusa.com\/pt\/wp-json\/wp\/v2\/types\/post"}],"author":[{"embeddable":true,"href":"https:\/\/tvbrazilusa.com\/pt\/wp-json\/wp\/v2\/users\/1"}],"replies":[{"embeddable":true,"href":"https:\/\/tvbrazilusa.com\/pt\/wp-json\/wp\/v2\/comments?post=130990"}],"version-history":[{"count":0,"href":"https:\/\/tvbrazilusa.com\/pt\/wp-json\/wp\/v2\/posts\/130990\/revisions"}],"wp:featuredmedia":[{"embeddable":true,"href":"https:\/\/tvbrazilusa.com\/pt\/wp-json\/wp\/v2\/media\/130991"}],"wp:attachment":[{"href":"https:\/\/tvbrazilusa.com\/pt\/wp-json\/wp\/v2\/media?parent=130990"}],"wp:term":[{"taxonomy":"category","embeddable":true,"href":"https:\/\/tvbrazilusa.com\/pt\/wp-json\/wp\/v2\/categories?post=130990"},{"taxonomy":"post_tag","embeddable":true,"href":"https:\/\/tvbrazilusa.com\/pt\/wp-json\/wp\/v2\/tags?post=130990"}],"curies":[{"name":"wp","href":"https:\/\/api.w.org\/{rel}","templated":true}]}}