{"id":131290,"date":"2026-01-09T01:45:29","date_gmt":"2026-01-09T01:45:29","guid":{"rendered":"https:\/\/tvbrazilusa.com\/2026\/01\/09\/08-de-janeiro-um-dia-para-nao-esquecer\/"},"modified":"2026-01-09T01:45:29","modified_gmt":"2026-01-09T01:45:29","slug":"08-de-janeiro-um-dia-para-nao-esquecer","status":"publish","type":"post","link":"https:\/\/tvbrazilusa.com\/pt\/2026\/01\/09\/08-de-janeiro-um-dia-para-nao-esquecer\/","title":{"rendered":"08 DE JANEIRO &#8211; UM DIA PARA N\u00c3O ESQUECER!"},"content":{"rendered":"<p><iframe  width=\"580\" height=\"385\" src=\"https:\/\/www.youtube.com\/embed\/fRyp_N_dzb0?modestbranding=1\" frameborder=\"0\" allowfullscreen><\/iframe><br \/>\n<br \/>O 8 de janeiro n\u00e3o pode ser apagado, distorcido ou instrumentalizado pelo poder pol\u00edtico.<br \/>\nUm dia inteiro de debates, relatos, an\u00e1lises e proposi\u00e7\u00f5es com familiares, juristas, parlamentares e jornalistas comprometidos com a verdade, a liberdade e o Estado de Direito.<\/p>\n<p>Uma Super Live para relembrar os fatos, denunciar abusos e reafirmar princ\u00edpios que o autoritarismo tenta sufocar.<\/p>\n<p>Quer criar transmiss\u00f5es ao vivo como esta? Confira o StreamYard:<br \/>\n<br \/><a href=\"https:\/\/www.youtube.com\/watch?v=fRyp_N_dzb0\">source<\/a><\/p>","protected":false},"excerpt":{"rendered":"<p>O 8 de janeiro n\u00e3o pode ser apagado, distorcido ou instrumentalizado pelo poder pol\u00edtico. Um dia inteiro de debates, relatos, an\u00e1lises e proposi\u00e7\u00f5es com familiares, juristas, parlamentares e jornalistas comprometidos&hellip;<\/p>","protected":false},"author":1,"featured_media":131291,"comment_status":"","ping_status":"open","sticky":false,"template":"","format":"standard","meta":{"content-type":"","footnotes":""},"categories":[17],"tags":[133,34590,134,148,170],"class_list":["post-131290","post","type-post","status-publish","format-standard","has-post-thumbnail","hentry","category-programas","tag-dia","tag-esquecer","tag-janeiro","tag-nao","tag-para"],"_links":{"self":[{"href":"https:\/\/tvbrazilusa.com\/pt\/wp-json\/wp\/v2\/posts\/131290","targetHints":{"allow":["GET"]}}],"collection":[{"href":"https:\/\/tvbrazilusa.com\/pt\/wp-json\/wp\/v2\/posts"}],"about":[{"href":"https:\/\/tvbrazilusa.com\/pt\/wp-json\/wp\/v2\/types\/post"}],"author":[{"embeddable":true,"href":"https:\/\/tvbrazilusa.com\/pt\/wp-json\/wp\/v2\/users\/1"}],"replies":[{"embeddable":true,"href":"https:\/\/tvbrazilusa.com\/pt\/wp-json\/wp\/v2\/comments?post=131290"}],"version-history":[{"count":0,"href":"https:\/\/tvbrazilusa.com\/pt\/wp-json\/wp\/v2\/posts\/131290\/revisions"}],"wp:featuredmedia":[{"embeddable":true,"href":"https:\/\/tvbrazilusa.com\/pt\/wp-json\/wp\/v2\/media\/131291"}],"wp:attachment":[{"href":"https:\/\/tvbrazilusa.com\/pt\/wp-json\/wp\/v2\/media?parent=131290"}],"wp:term":[{"taxonomy":"category","embeddable":true,"href":"https:\/\/tvbrazilusa.com\/pt\/wp-json\/wp\/v2\/categories?post=131290"},{"taxonomy":"post_tag","embeddable":true,"href":"https:\/\/tvbrazilusa.com\/pt\/wp-json\/wp\/v2\/tags?post=131290"}],"curies":[{"name":"wp","href":"https:\/\/api.w.org\/{rel}","templated":true}]}}