{"id":131294,"date":"2026-01-08T09:52:36","date_gmt":"2026-01-08T09:52:36","guid":{"rendered":"https:\/\/tvbrazilusa.com\/2026\/01\/08\/vorcaro-e-a-destruicao-do-sistema-lula-e-a-caixa-preta-de-maduro\/"},"modified":"2026-01-08T09:52:36","modified_gmt":"2026-01-08T09:52:36","slug":"vorcaro-e-a-destruicao-do-sistema-lula-e-a-caixa-preta-de-maduro","status":"publish","type":"post","link":"https:\/\/tvbrazilusa.com\/pt\/2026\/01\/08\/vorcaro-e-a-destruicao-do-sistema-lula-e-a-caixa-preta-de-maduro\/","title":{"rendered":"VORCARO E A DESTRUI\u00c7\u00c3O DO SISTEMA \/  LULA E A &#8216;CAIXA-PRETA&#8217; DE MADURO \/"},"content":{"rendered":"<p><iframe  width=\"580\" height=\"385\" src=\"https:\/\/www.youtube.com\/embed\/fMN2YjyTFh4?modestbranding=1\" frameborder=\"0\" allowfullscreen><\/iframe><br \/>\n<br \/>O  Jornal do JCO recebe a professora Paula Marisa, o vereador Darcio Bracarense e o analista pol\u00edtico Paulo Baltokoski. Apresenta\u00e7\u00e3o de Camila Abdo<br \/>\n<br \/><a href=\"https:\/\/www.youtube.com\/watch?v=fMN2YjyTFh4\">source<\/a><\/p>","protected":false},"excerpt":{"rendered":"<p>O Jornal do JCO recebe a professora Paula Marisa, o vereador Darcio Bracarense e o analista pol\u00edtico Paulo Baltokoski. Apresenta\u00e7\u00e3o de Camila Abdo source<\/p>","protected":false},"author":1,"featured_media":131295,"comment_status":"","ping_status":"open","sticky":false,"template":"","format":"standard","meta":{"content-type":"","footnotes":""},"categories":[17],"tags":[35390,31098,89,1590,620,34925],"class_list":["post-131294","post","type-post","status-publish","format-standard","has-post-thumbnail","hentry","category-programas","tag-caixapreta","tag-destruicao","tag-lula","tag-maduro","tag-sistema","tag-vorcaro"],"_links":{"self":[{"href":"https:\/\/tvbrazilusa.com\/pt\/wp-json\/wp\/v2\/posts\/131294","targetHints":{"allow":["GET"]}}],"collection":[{"href":"https:\/\/tvbrazilusa.com\/pt\/wp-json\/wp\/v2\/posts"}],"about":[{"href":"https:\/\/tvbrazilusa.com\/pt\/wp-json\/wp\/v2\/types\/post"}],"author":[{"embeddable":true,"href":"https:\/\/tvbrazilusa.com\/pt\/wp-json\/wp\/v2\/users\/1"}],"replies":[{"embeddable":true,"href":"https:\/\/tvbrazilusa.com\/pt\/wp-json\/wp\/v2\/comments?post=131294"}],"version-history":[{"count":0,"href":"https:\/\/tvbrazilusa.com\/pt\/wp-json\/wp\/v2\/posts\/131294\/revisions"}],"wp:featuredmedia":[{"embeddable":true,"href":"https:\/\/tvbrazilusa.com\/pt\/wp-json\/wp\/v2\/media\/131295"}],"wp:attachment":[{"href":"https:\/\/tvbrazilusa.com\/pt\/wp-json\/wp\/v2\/media?parent=131294"}],"wp:term":[{"taxonomy":"category","embeddable":true,"href":"https:\/\/tvbrazilusa.com\/pt\/wp-json\/wp\/v2\/categories?post=131294"},{"taxonomy":"post_tag","embeddable":true,"href":"https:\/\/tvbrazilusa.com\/pt\/wp-json\/wp\/v2\/tags?post=131294"}],"curies":[{"name":"wp","href":"https:\/\/api.w.org\/{rel}","templated":true}]}}