{"id":131646,"date":"2026-04-22T22:15:30","date_gmt":"2026-04-22T22:15:30","guid":{"rendered":"https:\/\/tvbrazilusa.com\/2026\/04\/22\/mae-de-carla-zambelli-lanca-campanha-pelo-pl-assista\/"},"modified":"2026-04-22T22:15:30","modified_gmt":"2026-04-22T22:15:30","slug":"mae-de-carla-zambelli-lanca-campanha-pelo-pl-assista","status":"publish","type":"post","link":"https:\/\/tvbrazilusa.com\/pt\/2026\/04\/22\/mae-de-carla-zambelli-lanca-campanha-pelo-pl-assista\/","title":{"rendered":"M\u00e3e de Carla Zambelli lan\u00e7a campanha pelo PL; Assista"},"content":{"rendered":"<p> <script async src=\"https:\/\/pagead2.googlesyndication.com\/pagead\/js\/adsbygoogle.js?client=ca-pub-8864793242727901\"\r\n     crossorigin=\"anonymous\"><\/script><br \/>\n<\/p>\n<div id=\"cd-article-content\">\n<p>Fontes pr\u00f3ximas \u00e0 fam\u00edlia da <a href=\"https:\/\/claudiodantas.com.br\/tag\/carla-zambelli\/\" data-type=\"post_tag\" data-id=\"1235\">ex-deputada Carla Zambelli<\/a> repassaram com exclusividade ao site o v\u00eddeo de lan\u00e7amento da pr\u00e9-candidatura de sua m\u00e3e, Rita Zambelli, que deve disputar uma vaga na C\u00e2mara dos Deputados pelo <a href=\"https:\/\/partidoliberal.org.br\/\" target=\"_blank\" rel=\"noopener\">Partido Liberal (PL)<\/a> em 2026. Segundo a apura\u00e7\u00e3o, a estrat\u00e9gia inclui o uso do mesmo n\u00famero eleitoral associado \u00e0 filha nas \u00faltimas elei\u00e7\u00f5es.<\/p>\n<p><a href=\"https:\/\/whatsapp.com\/channel\/0029VaTFkH2HVvTbkE883x1x\" target=\"_blank\" class=\"whatsapp-channel-message\" rel=\"noopener\">\u2705 Siga o canal do Claudio Dantas no WhatsApp<\/a><\/p>\n<p>Filiada ao PL em S\u00e3o Paulo, Rita iniciou sua pr\u00e9-campanha neste ano. Aos 75 anos, ser\u00e1 sua primeira disputa eleitoral. A candidatura ocorre ap\u00f3s a condena\u00e7\u00e3o e pris\u00e3o de Carla Zambelli, atualmente detida no pres\u00eddio de Rebibbia, em Roma, na It\u00e1lia.<\/p>\n<p>A ex-deputada foi condenada pelo Supremo Tribunal Federal (STF) a 10 anos de pris\u00e3o por invas\u00e3o de sistemas do Conselho Nacional de Justi\u00e7a (CNJ) e falsidade ideol\u00f3gica. Tamb\u00e9m responde por outro processo j\u00e1 transitado em julgado, relacionado a um epis\u00f3dio em que perseguiu um homem com arma de fogo durante as elei\u00e7\u00f5es de 2022.<\/p>\n<p>Ap\u00f3s deixar o Brasil, Zambelli foi considerada foragida at\u00e9 ser localizada e presa na It\u00e1lia em julho de 2025. O governo brasileiro tenta a extradi\u00e7\u00e3o para cumprimento da pena no pa\u00eds. Em dezembro do mesmo ano, ela renunciou ao mandato ap\u00f3s decis\u00e3o do STF que determinou a perda imediata do cargo.<\/p>\n<p>A entrada de Rita na disputa foi definida ainda em 2025, em meio ao avan\u00e7o dos processos judiciais contra a filha. Em declara\u00e7\u00f5es p\u00fablicas, a pr\u00e9-candidata afirmou que assumiu a miss\u00e3o por decis\u00e3o de Carla e que atuar\u00e1 como representante pol\u00edtica da ex-deputada.<\/p>\n<p>\u201cEu sou a voz da minha filha\u201d, declarou durante manifesta\u00e7\u00e3o realizada na Avenida Paulista no in\u00edcio de mar\u00e7o. No ato, ela apareceu ao lado de lideran\u00e7as do PL, como o senador Fl\u00e1vio Bolsonaro e o presidente da sigla, Valdemar Costa Neto.<\/p>\n<p>A estrat\u00e9gia da fam\u00edlia envolve a transfer\u00eancia do capital pol\u00edtico constru\u00eddo por Carla Zambelli. Em 2022, a ent\u00e3o deputada foi eleita por S\u00e3o Paulo com 946.244 votos, uma das maiores vota\u00e7\u00f5es do pa\u00eds.<\/p>\n<p>\u201cEu me levanto como m\u00e3e e como mulher de princ\u00edpios. Para honrar o nome da filha. Para manter de p\u00e9 aquilo que foi constru\u00eddo com muita coragem. Para mostrar que quando uma m\u00e3e luta, ela luta com tudo. N\u00e3o \u00e9 vingan\u00e7a. \u00c9 justi\u00e7a. E justi\u00e7a n\u00e3o se abandona\u201d, diz Rita em v\u00eddeo.<\/p>\n<figure class=\"wp-block-image\"><img fetchpriority=\"high\" decoding=\"async\" width=\"800\" height=\"1134\" data-pagespeed-lazy-src=\"https:\/\/claudiodantas.com.br\/wp-content\/uploads\/2026\/04\/34b69d_cong_materia_manual_capturadetela20260303124813.png\" alt=\"\" class=\"wp-image-96278\" data-pagespeed-lazy-srcset=\"https:\/\/claudiodantas.com.br\/wp-content\/uploads\/2026\/04\/34b69d_cong_materia_manual_capturadetela20260303124813.png 800w, https:\/\/claudiodantas.com.br\/wp-content\/uploads\/2026\/04\/34b69d_cong_materia_manual_capturadetela20260303124813-212x300.png 212w, https:\/\/claudiodantas.com.br\/wp-content\/uploads\/2026\/04\/34b69d_cong_materia_manual_capturadetela20260303124813-722x1024.png 722w, https:\/\/claudiodantas.com.br\/wp-content\/uploads\/2026\/04\/34b69d_cong_materia_manual_capturadetela20260303124813-768x1089.png 768w\" sizes=\"(max-width: 800px) 100vw, 800px\" src=\"\/pagespeed_static\/1.JiBnMqyl6S.gif\" onload=\"pagespeed.lazyLoadImages.loadIfVisibleAndMaybeBeacon(this);\" onerror=\"this.onerror=null;pagespeed.lazyLoadImages.loadIfVisibleAndMaybeBeacon(this);\"\/><figcaption class=\"wp-element-caption\">Publica\u00e7\u00e3o de Rita Zambelli nas redes sociais.Reprodu\u00e7\u00e3o\/Instagram<br \/><\/figcaption><\/figure>\n<p>Nos bastidores, aliados avaliam que o uso do mesmo n\u00famero eleitoral e das redes sociais da ex-deputada busca preservar a identifica\u00e7\u00e3o do eleitorado com o nome Zambelli. Parte desse p\u00fablico est\u00e1 concentrada no eleitor conservador e em bases mobilizadas digitalmente.<\/p>\n<p>Rita tamb\u00e9m passou a administrar os perfis da filha nas redes sociais e tem participado de atos pol\u00edticos ligados \u00e0 direita. A movimenta\u00e7\u00e3o ocorre em um cen\u00e1rio de forte concorr\u00eancia interna no pr\u00f3prio PL em S\u00e3o Paulo, estado que concentra uma das disputas mais acirradas para a C\u00e2mara dos Deputados.<\/p>\n<p>A candidatura ainda depende de oficializa\u00e7\u00e3o nas conven\u00e7\u00f5es partid\u00e1rias de 2026.<\/p>\n<p>\u201dPorque foi dentro de casa que Carla aprendeu a lutar. Foi comigo que ela aprendeu valores, coragem, f\u00e9 e firmeza. E agora, essa mesma m\u00e3e decide dar um passo \u00e0 frente. N\u00e3o para substituir, mas para continuar\u201d, afirma Rita.<\/p>\n<p><strong>Confira o v\u00eddeo com exclusividade: <\/strong><\/p>\n<figure class=\"wp-block-embed is-type-rich is-provider-twitter wp-block-embed-twitter\"\/>\n<\/div>\n<p><script type=\"a536456e30d1d886f6adc849-text\/javascript\">!function(f,b,e,v,n,t,s){if(f.fbq)return;n=f.fbq=function(){n.callMethod?n.callMethod.apply(n,arguments):n.queue.push(arguments)};if(!f._fbq)f._fbq=n;n.push=n;n.loaded=!0;n.version='2.0';n.queue=[];t=b.createElement(e);t.async=!0;t.src=v;s=b.getElementsByTagName(e)[0];s.parentNode.insertBefore(t,s)}(window,document,'script','https:\/\/connect.facebook.net\/en_US\/fbevents.js');fbq('init','1423865622537930');fbq('track','PageView');<\/script><br \/>\n<br \/><br \/>\n<br \/><a href=\"https:\/\/claudiodantas.com.br\/mae-carla-zambelli-lanca-campanha-pl\/\">Source link <\/a><\/p>","protected":false},"excerpt":{"rendered":"<p>Fontes pr\u00f3ximas \u00e0 fam\u00edlia da ex-deputada Carla Zambelli repassaram com exclusividade ao site o v\u00eddeo de lan\u00e7amento da pr\u00e9-candidatura de sua m\u00e3e, Rita Zambelli, que deve disputar uma vaga na&hellip;<\/p>","protected":false},"author":1,"featured_media":0,"comment_status":"","ping_status":"open","sticky":false,"template":"","format":"standard","meta":{"content-type":"","footnotes":""},"categories":[16],"tags":[],"class_list":["post-131646","post","type-post","status-publish","format-standard","hentry","category-noticias"],"_links":{"self":[{"href":"https:\/\/tvbrazilusa.com\/pt\/wp-json\/wp\/v2\/posts\/131646","targetHints":{"allow":["GET"]}}],"collection":[{"href":"https:\/\/tvbrazilusa.com\/pt\/wp-json\/wp\/v2\/posts"}],"about":[{"href":"https:\/\/tvbrazilusa.com\/pt\/wp-json\/wp\/v2\/types\/post"}],"author":[{"embeddable":true,"href":"https:\/\/tvbrazilusa.com\/pt\/wp-json\/wp\/v2\/users\/1"}],"replies":[{"embeddable":true,"href":"https:\/\/tvbrazilusa.com\/pt\/wp-json\/wp\/v2\/comments?post=131646"}],"version-history":[{"count":0,"href":"https:\/\/tvbrazilusa.com\/pt\/wp-json\/wp\/v2\/posts\/131646\/revisions"}],"wp:attachment":[{"href":"https:\/\/tvbrazilusa.com\/pt\/wp-json\/wp\/v2\/media?parent=131646"}],"wp:term":[{"taxonomy":"category","embeddable":true,"href":"https:\/\/tvbrazilusa.com\/pt\/wp-json\/wp\/v2\/categories?post=131646"},{"taxonomy":"post_tag","embeddable":true,"href":"https:\/\/tvbrazilusa.com\/pt\/wp-json\/wp\/v2\/tags?post=131646"}],"curies":[{"name":"wp","href":"https:\/\/api.w.org\/{rel}","templated":true}]}}