{"id":131737,"date":"2026-04-23T17:40:00","date_gmt":"2026-04-23T17:40:00","guid":{"rendered":"https:\/\/tvbrazilusa.com\/2026\/04\/23\/pec-evidencia-promessa-de-flavio-de-nao-reeleicao\/"},"modified":"2026-04-23T17:40:31","modified_gmt":"2026-04-23T17:40:31","slug":"pec-evidencia-promessa-de-flavio-de-nao-reeleicao","status":"publish","type":"post","link":"https:\/\/tvbrazilusa.com\/pt\/2026\/04\/23\/pec-evidencia-promessa-de-flavio-de-nao-reeleicao\/","title":{"rendered":"PEC evidencia promessa de Fl\u00e1vio de n\u00e3o reelei\u00e7\u00e3o"},"content":{"rendered":"<p> <script async src=\"https:\/\/pagead2.googlesyndication.com\/pagead\/js\/adsbygoogle.js?client=ca-pub-8864793242727901\"\r\n     crossorigin=\"anonymous\"><\/script><br \/>\n<\/p>\n<div id=\"cd-article-content\">\n<p>Em entrevista ao programa <strong>ALive<\/strong> nesta quinta-feira (23), o senador Rog\u00e9rio Marinho (PL-RN), coordenador da campanha \u00e0 Presid\u00eancia de Fl\u00e1vio Bolsonaro (PL-RJ), reafirmou que o pr\u00e9-candidato n\u00e3o tentar\u00e1 a reelei\u00e7\u00e3o caso seja eleito presidente.<\/p>\n<p><a href=\"https:\/\/whatsapp.com\/channel\/0029VaTFkH2HVvTbkE883x1x\" target=\"_blank\" class=\"whatsapp-channel-message\" rel=\"noopener\">\u2705 Siga o canal do Claudio Dantas no WhatsApp<\/a><\/p>\n<p>Questionado sobre como Fl\u00e1vio pretende convencer o eleitorado dessa promessa, Marinho afirmou que uma Proposta de Emenda \u00e0 Constitui\u00e7\u00e3o (PEC), j\u00e1 apresentada pelo filho de Jair ao se lan\u00e7ar candidato, funciona como uma das garantias por representar a \u201cmaterializa\u00e7\u00e3o\u201d do compromisso.<\/p>\n<p>Segundo o senador, a expectativa da oposi\u00e7\u00e3o \u00e9 que, caso Fl\u00e1vio ven\u00e7a as elei\u00e7\u00f5es deste ano, a proposta avance no Congresso e seja aprovada entre novembro e dezembro, antes da posse do novo chefe do Executivo.<\/p>\n<p>\u201cAp\u00f3s as elei\u00e7\u00f5es, o que vai acontecer? Ganhando as elei\u00e7\u00f5es, o presidente da Rep\u00fablica, de fato, j\u00e1 ser\u00e1 o presidente Fl\u00e1vio Bolsonaro. Ent\u00e3o a ideia \u00e9, usando a responsabilidade, o peso, a legitimidade do mandato rec\u00e9m-adquirido, \u00e9 propormos ao Senado da Rep\u00fablica e \u00e0 C\u00e2mara dos Deputados urg\u00eancia na tramita\u00e7\u00e3o [da PEC] para que j\u00e1 entremos na legislatura do ano subsequente com essas regras estabelecidas\u201d, afirmou o coordenador da campanha.<\/p>\n<p>Marinho tamb\u00e9m defendeu a proposta de mandato \u00fanico de 5 anos e a cria\u00e7\u00e3o do cargo de \u201csenador vital\u00edcio\u201d para ex-presidentes. Segundo ele, a fun\u00e7\u00e3o teria car\u00e1ter institucional e consultivo, sem direito a voto.<\/p>\n<p>A justificativa, segundo o senador, est\u00e1 na dificuldade enfrentada por ex-presidentes ap\u00f3s deixarem o cargo: \u201cEnt\u00e3o exercer o cargo, como dizia o presidente Bolsonaro, \u00e9 voc\u00ea sentar numa cadeira el\u00e9trica. Ele est\u00e1 respondendo quase mil a\u00e7\u00f5es, as mais distintas e as mais variadas a respeito de temas os mais malucos poss\u00edveis. Ent\u00e3o ele vira uma esp\u00e9cie de ca\u00e7a ao ex-candidato, ao ex-presidente. Isso serve para todo mundo\u201d.<\/p>\n<p>Segundo Marinho, o \u201csenador vital\u00edcio\u201d seria uma esp\u00e9cie de \u201csenador para ter um p\u00falpito, para ter um lugar, para ser um or\u00e1culo, para ser algu\u00e9m que vai, com sua experi\u00eancia, contribuir com os demais senadores da Rep\u00fablica, mas n\u00e3o vai votar\u201d nas propostas em debate na Casa Alta.<\/p>\n<p>Ele acrescentou que, pela proposta, o ex-presidente n\u00e3o poderia voltar a disputar elei\u00e7\u00f5es ap\u00f3s assumir a fun\u00e7\u00e3o de \u201csenador vital\u00edcio\u201d: \u201cEle n\u00e3o pode nem se candidatar de uma forma ou de outra sequ\u00eancia, vamos supor, passado o per\u00edodo de um mandato, ele poderia votar, mas, sendo senador, n\u00e3o poder\u00e1 mais ser candidato\u201d.<\/p>\n<p>\u201cEu estou falando aqui em tese, porque o projeto ainda n\u00e3o foi, n\u00e3o tramitou, e isso, evidente, vai ser fruto de debates\u201d, completou Marinho.<\/p>\n<div class=\"wp-block-image\">\n<figure class=\"aligncenter size-full\"><figcaption class=\"wp-element-caption\"><strong>Foto: Reprodu\u00e7\u00e3o\/YouTube @ClaudioDantasOficial<\/strong><\/figcaption><\/figure>\n<\/div>\n<h3 class=\"wp-block-heading\"><strong>ASSISTA AO PROGRAMA DE HOJE:<\/strong><\/h3>\n<figure class=\"wp-block-embed is-type-video is-provider-youtube wp-block-embed-youtube wp-embed-aspect-16-9 wp-has-aspect-ratio\">\n<p>\n<iframe title=\"Coordenador da campanha, Rog\u00e9rio Marinho abre o jogo de Fl\u00e1vio Bolsonaro\" width=\"1170\" height=\"658\" src=\"https:\/\/www.youtube.com\/embed\/YtWFZRSQVgA?feature=oembed\" frameborder=\"0\" allow=\"accelerometer; autoplay; clipboard-write; encrypted-media; gyroscope; picture-in-picture; web-share\" referrerpolicy=\"strict-origin-when-cross-origin\" allowfullscreen><\/iframe>\n<\/p>\n<\/figure>\n<\/div>\n<p><script type=\"056773b1f820612f0c795ca7-text\/javascript\">!function(f,b,e,v,n,t,s){if(f.fbq)return;n=f.fbq=function(){n.callMethod?n.callMethod.apply(n,arguments):n.queue.push(arguments)};if(!f._fbq)f._fbq=n;n.push=n;n.loaded=!0;n.version='2.0';n.queue=[];t=b.createElement(e);t.async=!0;t.src=v;s=b.getElementsByTagName(e)[0];s.parentNode.insertBefore(t,s)}(window,document,'script','https:\/\/connect.facebook.net\/en_US\/fbevents.js');fbq('init','1423865622537930');fbq('track','PageView');<\/script><br \/>\n<br \/><br \/>\n<br \/><a href=\"https:\/\/claudiodantas.com.br\/marinho-pec-promessa-flavio-nao-reeleicao\/\">Source link <\/a><\/p>","protected":false},"excerpt":{"rendered":"<p>Em entrevista ao programa ALive nesta quinta-feira (23), o senador Rog\u00e9rio Marinho (PL-RN), coordenador da campanha \u00e0 Presid\u00eancia de Fl\u00e1vio Bolsonaro (PL-RJ), reafirmou que o pr\u00e9-candidato n\u00e3o tentar\u00e1 a reelei\u00e7\u00e3o&hellip;<\/p>","protected":false},"author":1,"featured_media":131738,"comment_status":"closed","ping_status":"open","sticky":false,"template":"","format":"standard","meta":{"content-type":"","footnotes":""},"categories":[16],"tags":[],"class_list":["post-131737","post","type-post","status-publish","format-standard","has-post-thumbnail","hentry","category-noticias"],"_links":{"self":[{"href":"https:\/\/tvbrazilusa.com\/pt\/wp-json\/wp\/v2\/posts\/131737","targetHints":{"allow":["GET"]}}],"collection":[{"href":"https:\/\/tvbrazilusa.com\/pt\/wp-json\/wp\/v2\/posts"}],"about":[{"href":"https:\/\/tvbrazilusa.com\/pt\/wp-json\/wp\/v2\/types\/post"}],"author":[{"embeddable":true,"href":"https:\/\/tvbrazilusa.com\/pt\/wp-json\/wp\/v2\/users\/1"}],"replies":[{"embeddable":true,"href":"https:\/\/tvbrazilusa.com\/pt\/wp-json\/wp\/v2\/comments?post=131737"}],"version-history":[{"count":1,"href":"https:\/\/tvbrazilusa.com\/pt\/wp-json\/wp\/v2\/posts\/131737\/revisions"}],"predecessor-version":[{"id":131739,"href":"https:\/\/tvbrazilusa.com\/pt\/wp-json\/wp\/v2\/posts\/131737\/revisions\/131739"}],"wp:featuredmedia":[{"embeddable":true,"href":"https:\/\/tvbrazilusa.com\/pt\/wp-json\/wp\/v2\/media\/131738"}],"wp:attachment":[{"href":"https:\/\/tvbrazilusa.com\/pt\/wp-json\/wp\/v2\/media?parent=131737"}],"wp:term":[{"taxonomy":"category","embeddable":true,"href":"https:\/\/tvbrazilusa.com\/pt\/wp-json\/wp\/v2\/categories?post=131737"},{"taxonomy":"post_tag","embeddable":true,"href":"https:\/\/tvbrazilusa.com\/pt\/wp-json\/wp\/v2\/tags?post=131737"}],"curies":[{"name":"wp","href":"https:\/\/api.w.org\/{rel}","templated":true}]}}