{"id":13179,"date":"2024-07-31T13:00:56","date_gmt":"2024-07-31T13:00:56","guid":{"rendered":"https:\/\/tvbrazilusa.com\/2024\/07\/31\/imagens-fortes-andressa-urach-aparece-com-lingua-partida-ao-meio-e-surpreende-seguidores-veja-video\/"},"modified":"2024-07-31T13:08:40","modified_gmt":"2024-07-31T13:08:40","slug":"imagens-fortes-andressa-urach-aparece-com-lingua-partida-ao-meio-e-surpreende-seguidores-veja-video","status":"publish","type":"post","link":"https:\/\/tvbrazilusa.com\/pt\/2024\/07\/31\/imagens-fortes-andressa-urach-aparece-com-lingua-partida-ao-meio-e-surpreende-seguidores-veja-video\/","title":{"rendered":"Imagens Fortes: Andressa Urach aparece com l\u00edngua partida ao meio e surpreende seguidores; VEJA V\u00cdDEO"},"content":{"rendered":"<p> <script async src=\"https:\/\/pagead2.googlesyndication.com\/pagead\/js\/adsbygoogle.js?client=ca-pub-8864793242727901\"\r\n     crossorigin=\"anonymous\"><\/script><br \/>\n<\/p>\n<div>\n<p>A modelo Andressa Urach, atualmente com 36 anos, realizou um novo procedimento para incrementar ainda mais seus conte\u00fados adultos. Conhecida por sempre inovar e surpreender seus seguidores, Urach optou pela bifurca\u00e7\u00e3o da l\u00edngua, popularmente chamada de \u2018l\u00edngua de cobra\u2019. As imagens compartilhadas pela modelo s\u00e3o fortes e podem ser sens\u00edveis a alguns leitores.<\/p>\n<p>O procedimento que Andressa escolheu fazer divide a l\u00edngua ao meio, criando uma apar\u00eancia semelhante \u00e0 de uma l\u00edngua de cobra. Este procedimento \u00e9 bastante associado a um aumento na sensibilidade e no prazer durante atividades \u00edntimas, algo que Urach destacou como um dos principais motivadores para sua decis\u00e3o.<\/p>\n<blockquote class=\"twitter-tweet\" data-media-max-width=\"560\">\n<p lang=\"pt\" dir=\"ltr\">\u23ef\ufe0f A modelo e atriz de filmes adultos Andressa Urach, em um v\u00eddeo publicado em seu perfil no Instagram, mostrou o resultado de um procedimento de bifurca\u00e7\u00e3o de l\u00edngua, pelo qual passou.<\/p>\n<p>No registro, a atriz aparece movimentando de maneira independente as duas partes de sua\u2026 <a href=\"https:\/\/t.co\/d4ddMRmrKS\">pic.twitter.com\/d4ddMRmrKS<\/a><\/p>\n<p>\u2014 Metr\u00f3poles (@Metropoles) <a href=\"https:\/\/twitter.com\/Metropoles\/status\/1818401696751444218?ref_src=twsrc%5Etfw\">July 30, 2024<\/a><\/p><\/blockquote>\n<p>Reprodu\u00e7\u00e3o\/Instagram<\/p>\n<blockquote class=\"twitter-tweet\" data-media-max-width=\"560\">\n<p lang=\"pt\" dir=\"ltr\">A Andressa Urach dividiu a l\u00edngua ao meio pra ficar com l\u00edngua de Cobra <a href=\"https:\/\/t.co\/H9V6JG0nH2\">pic.twitter.com\/H9V6JG0nH2<\/a><\/p>\n<p>\u2014 IG: MEDOB.2 (@medo_b) <a href=\"https:\/\/twitter.com\/medo_b\/status\/1818406907280752965?ref_src=twsrc%5Etfw\">July 30, 2024<\/a><\/p><\/blockquote>\n<p>Reprodu\u00e7\u00e3o\/X<\/p>\n<h2 class=\"wp-block-heading\">Bifurca\u00e7\u00e3o da L\u00edngua: Por Que Andressa Urach Optou pelo Procedimento?<\/h2>\n<p>Andressa Urach explicou que a escolha pela bifurca\u00e7\u00e3o da l\u00edngua foi motivada pelo desejo de oferecer conte\u00fados ainda mais inovadores e impactantes em suas plataformas adultas. Ao compartilhar sua experi\u00eancia nas redes sociais, ela comentou: \u201cTenho me dedicado bastante na produ\u00e7\u00e3o dos conte\u00fados e decidi apostar nessa transforma\u00e7\u00e3o para potencializar minhas performances e, claro, trazer essa ideia inovadora para os meus seguidores.\u201d<\/p>\n<p>O procedimento, que pode parecer ousado para muitos, \u00e9 uma t\u00e9cnica que vem ganhando popularidade entre pessoas que buscam maneiras \u00fanicas de se expressar. No caso de Andressa, essa transforma\u00e7\u00e3o \u00e9 parte de sua estrat\u00e9gia para se destacar e oferecer algo diferenciado ao seu p\u00fablico.<\/p>\n<figure class=\"wp-block-image size-full\"><picture decoding=\"async\" class=\"wp-image-164959\"><source type=\"image\/webp\" srcset=\"https:\/\/terrabrasilnoticias.com\/wp-content\/uploads\/2024\/07\/image-984.png.webp 600w, https:\/\/terrabrasilnoticias.com\/wp-content\/uploads\/2024\/07\/image-984-300x200.png.webp 300w\" sizes=\"(max-width: 600px) 100vw, 600px\"\/><\/picture><figcaption class=\"wp-element-caption\">Reprodu\u00e7\u00e3o\/X<\/figcaption><\/figure>\n<h2 class=\"wp-block-heading\">O Que \u00e9 a Bifurca\u00e7\u00e3o da L\u00edngua?<\/h2>\n<p>A bifurca\u00e7\u00e3o da l\u00edngua \u00e9 um procedimento relativamente simples, mas que requer cuidados espec\u00edficos. Ele envolve cortar a l\u00edngua ao meio, a partir da ponta, criando a apar\u00eancia de uma l\u00edngua de cobra. Veja abaixo algumas informa\u00e7\u00f5es importantes sobre o processo:<\/p>\n<ul class=\"wp-block-list\">\n<li><strong>Procedimento:<\/strong> \u00c9 realizado por profissionais especializados, geralmente em ambientes esterilizados para evitar infec\u00e7\u00f5es.<\/li>\n<li><strong>Cicatriza\u00e7\u00e3o:<\/strong> Pode levar algumas semanas para cicatrizar completamente, e \u00e9 necess\u00e1rio seguir todas as instru\u00e7\u00f5es p\u00f3s-operat\u00f3rias para garantir uma recupera\u00e7\u00e3o saud\u00e1vel.<\/li>\n<li><strong>Sensibilidade:<\/strong> Uma das raz\u00f5es pela qual muitas pessoas optam pelo procedimento \u00e9 o aumento da sensibilidade na l\u00edngua, o que pode melhorar a experi\u00eancia em atividades \u00edntimas.<\/li>\n<\/ul>\n<h2 class=\"wp-block-heading\">Impacto na Carreira de Andressa Urach<\/h2>\n<p>Esta n\u00e3o \u00e9 a primeira vez que Andressa Urach passa por procedimentos est\u00e9ticos ousados. Sua carreira tem sido marcada por diversas transforma\u00e7\u00f5es, todas com o objetivo de se reinventar e manter-se relevante no mercado de conte\u00fados adultos. A bifurca\u00e7\u00e3o da l\u00edngua \u00e9 mais uma etapa nesse percurso.<\/p>\n<p>Os seguidores de Urach nas redes sociais costumam reagir com misto de surpresa e admira\u00e7\u00e3o \u00e0s suas mudan\u00e7as, e este procedimento em particular gerou bastante repercuss\u00e3o. Por mais pol\u00eamico que possa parecer, cada decis\u00e3o de Andressa \u00e9 pensada estrategicamente para atender aos interesses e expectativas de seu p\u00fablico fiel.<\/p>\n<h2 class=\"wp-block-heading\">Como os Seguidores Reagem \u00e0s Transforma\u00e7\u00f5es de Andressa Urach?<\/h2>\n<p>Cada vez que Andressa Urach passa por uma transforma\u00e7\u00e3o, as redes sociais fervilham de coment\u00e1rios. Muitos seguidores elogiam a coragem e a inova\u00e7\u00e3o da modelo, enquanto outros expressam surpresa ou mesmo preocupa\u00e7\u00e3o. No entanto, Urach tem um grupo fiel de f\u00e3s que a apoia em cada decis\u00e3o.<\/p>\n<\/p><\/div>\n<p><script async src=\"\/\/platform.twitter.com\/widgets.js\" charset=\"utf-8\"><\/script><br \/>\n<br \/><br \/>\n<br \/><a href=\"https:\/\/terrabrasilnoticias.com\/2024\/07\/imagens-fortes-andressa-urach-aparece-com-lingua-partida-ao-meio-e-surpreende-seguidores-veja-video\/\">Source link <\/a><\/p>","protected":false},"excerpt":{"rendered":"<p>A modelo Andressa Urach, atualmente com 36 anos, realizou um novo procedimento para incrementar ainda mais seus conte\u00fados adultos. Conhecida por sempre inovar e surpreender seus seguidores, Urach optou pela&hellip;<\/p>","protected":false},"author":1,"featured_media":13180,"comment_status":"closed","ping_status":"open","sticky":false,"template":"","format":"standard","meta":{"content-type":"","footnotes":""},"categories":[16],"tags":[],"class_list":["post-13179","post","type-post","status-publish","format-standard","has-post-thumbnail","hentry","category-noticias"],"_links":{"self":[{"href":"https:\/\/tvbrazilusa.com\/pt\/wp-json\/wp\/v2\/posts\/13179","targetHints":{"allow":["GET"]}}],"collection":[{"href":"https:\/\/tvbrazilusa.com\/pt\/wp-json\/wp\/v2\/posts"}],"about":[{"href":"https:\/\/tvbrazilusa.com\/pt\/wp-json\/wp\/v2\/types\/post"}],"author":[{"embeddable":true,"href":"https:\/\/tvbrazilusa.com\/pt\/wp-json\/wp\/v2\/users\/1"}],"replies":[{"embeddable":true,"href":"https:\/\/tvbrazilusa.com\/pt\/wp-json\/wp\/v2\/comments?post=13179"}],"version-history":[{"count":1,"href":"https:\/\/tvbrazilusa.com\/pt\/wp-json\/wp\/v2\/posts\/13179\/revisions"}],"predecessor-version":[{"id":13181,"href":"https:\/\/tvbrazilusa.com\/pt\/wp-json\/wp\/v2\/posts\/13179\/revisions\/13181"}],"wp:featuredmedia":[{"embeddable":true,"href":"https:\/\/tvbrazilusa.com\/pt\/wp-json\/wp\/v2\/media\/13180"}],"wp:attachment":[{"href":"https:\/\/tvbrazilusa.com\/pt\/wp-json\/wp\/v2\/media?parent=13179"}],"wp:term":[{"taxonomy":"category","embeddable":true,"href":"https:\/\/tvbrazilusa.com\/pt\/wp-json\/wp\/v2\/categories?post=13179"},{"taxonomy":"post_tag","embeddable":true,"href":"https:\/\/tvbrazilusa.com\/pt\/wp-json\/wp\/v2\/tags?post=13179"}],"curies":[{"name":"wp","href":"https:\/\/api.w.org\/{rel}","templated":true}]}}