{"id":131812,"date":"2026-04-23T21:35:27","date_gmt":"2026-04-23T21:35:27","guid":{"rendered":"https:\/\/tvbrazilusa.com\/2026\/04\/23\/gilmar-nega-racha-no-stf-mas-diz-que-sempre-houve-divisoes-no-tribunal-paulo-figueiredo\/"},"modified":"2026-04-23T21:41:25","modified_gmt":"2026-04-23T21:41:25","slug":"gilmar-nega-racha-no-stf-mas-diz-que-sempre-houve-divisoes-no-tribunal-paulo-figueiredo","status":"publish","type":"post","link":"https:\/\/tvbrazilusa.com\/pt\/2026\/04\/23\/gilmar-nega-racha-no-stf-mas-diz-que-sempre-houve-divisoes-no-tribunal-paulo-figueiredo\/","title":{"rendered":"Gilmar nega racha no STF, mas diz que \u201csempre houve divis\u00f5es no tribunal\u201d &#8211; Paulo Figueiredo"},"content":{"rendered":"<p> <script async src=\"https:\/\/pagead2.googlesyndication.com\/pagead\/js\/adsbygoogle.js?client=ca-pub-8864793242727901\"\r\n     crossorigin=\"anonymous\"><\/script><br \/>\n<\/p>\n<div id=\"wtr-content\" data-bg=\"#FFFFFF\" data-fg=\"#006d91\" data-width=\"25\" data-mute=\"1\" data-fgopacity=\"1.00\" data-mutedopacity=\"0.5\" data-placement=\"bottom\" data-placement-offset=\"0\" data-content-offset=\"262\" data-placement-touch=\"bottom\" data-placement-offset-touch=\"0\" data-transparent=\"\" data-shadow=\"0\" data-touch=\"1\" data-non-touch=\"1\" data-comments=\"0\" data-commentsbg=\"transparent\" data-location=\"page\" data-mutedfg=\"#006d91\" data-endfg=\"#006d91\" data-rtl=\"\">\n<h4 class=\"wp-block-heading\">Decano diz que diverg\u00eancias s\u00e3o naturais em tribunal colegiado e que n\u00e3o v\u00ea Corte \u201crachada\u201d<\/h4>\n<p>O ministro Gilmar Mendes, do\u00a0Supremo Tribunal Federal (STF), afirmou que n\u00e3o v\u00ea a Corte como \u201crachada\u201d e que entende que divis\u00f5es na configura\u00e7\u00e3o do tribunal sempre ocorreram.<\/p>\n<p>Em entrevista ao\u00a0Metr\u00f3poles, concedida \u00e0s jornalistas Manoela Alc\u00e2ntara e Mar\u00edlia Ribeiro, na tarde desta quinta-feira (23\/4), Gilmar disse que a\u00a0Corte \u00e9 um modelo colegiado e, por isso, nem sempre haver\u00e1 unanimidade.<\/p>\n<blockquote class=\"wp-block-quote is-layout-flow wp-block-quote-is-layout-flow\">\n<p>\u201cN\u00e3o [h\u00e1 STF rachado]. Al\u00e9m disso,\u00a0<strong>divis\u00f5es sempre houve no tribunal, e a unanimidade tamb\u00e9m n\u00e3o \u00e9 um estado normal no tribunal e nas cortes em geral.<\/strong>\u00a0O tribunal \u00e9 um modelo de colegiado\u201d, disse o decano.<\/p>\n<\/blockquote>\n<p>Gilmar prosseguiu: \u201cEu j\u00e1 disse, em outras oportunidades, que ideias de fora para dentro normalmente n\u00e3o s\u00e3o bem recebidas. Quem imagina isso, que vai fazer pacto com este ou aquele \u2014 academia, vai l\u00e1 na FGV, vai l\u00e1 no Instituto FHC e tal \u2014 e vai pressionar o tribunal, n\u00e3o conhece o tribunal\u201d.<\/p>\n<p>A declara\u00e7\u00e3o ocorre em meio a avalia\u00e7\u00f5es de que a Corte estaria dividida, especialmente em rela\u00e7\u00e3o \u00e0 repercuss\u00e3o do caso Master e ao\u00a0C\u00f3digo de \u00c9tica, atualmente em elabora\u00e7\u00e3o pela ministra C\u00e1rmen L\u00facia, escolhida como relatora pelo presidente do STF, ministro Edson Fachin.<\/p>\n<p><strong><a href=\"https:\/\/www.metropoles.com\/colunas\/manoela-alcantara\/gilmar-nega-racha-stf-sempre-houve-divisoes-no-tribunal\">Cr\u00e9dito Metr\u00f3poles<\/a><\/strong><\/p>\n<\/div>\n<p><br \/>\n<br \/><a href=\"https:\/\/paulofigueiredoshow.com\/gilmar-nega-racha-no-stf-mas-diz-que-sempre-houve-divisoes-no-tribunal\/\">Source link <\/a><\/p>","protected":false},"excerpt":{"rendered":"<p>Decano diz que diverg\u00eancias s\u00e3o naturais em tribunal colegiado e que n\u00e3o v\u00ea Corte \u201crachada\u201d O ministro Gilmar Mendes, do\u00a0Supremo Tribunal Federal (STF), afirmou que n\u00e3o v\u00ea a Corte como&hellip;<\/p>","protected":false},"author":1,"featured_media":129531,"comment_status":"closed","ping_status":"open","sticky":false,"template":"","format":"standard","meta":{"content-type":"","footnotes":""},"categories":[16],"tags":[],"class_list":["post-131812","post","type-post","status-publish","format-standard","has-post-thumbnail","hentry","category-noticias"],"_links":{"self":[{"href":"https:\/\/tvbrazilusa.com\/pt\/wp-json\/wp\/v2\/posts\/131812","targetHints":{"allow":["GET"]}}],"collection":[{"href":"https:\/\/tvbrazilusa.com\/pt\/wp-json\/wp\/v2\/posts"}],"about":[{"href":"https:\/\/tvbrazilusa.com\/pt\/wp-json\/wp\/v2\/types\/post"}],"author":[{"embeddable":true,"href":"https:\/\/tvbrazilusa.com\/pt\/wp-json\/wp\/v2\/users\/1"}],"replies":[{"embeddable":true,"href":"https:\/\/tvbrazilusa.com\/pt\/wp-json\/wp\/v2\/comments?post=131812"}],"version-history":[{"count":1,"href":"https:\/\/tvbrazilusa.com\/pt\/wp-json\/wp\/v2\/posts\/131812\/revisions"}],"predecessor-version":[{"id":131813,"href":"https:\/\/tvbrazilusa.com\/pt\/wp-json\/wp\/v2\/posts\/131812\/revisions\/131813"}],"wp:featuredmedia":[{"embeddable":true,"href":"https:\/\/tvbrazilusa.com\/pt\/wp-json\/wp\/v2\/media\/129531"}],"wp:attachment":[{"href":"https:\/\/tvbrazilusa.com\/pt\/wp-json\/wp\/v2\/media?parent=131812"}],"wp:term":[{"taxonomy":"category","embeddable":true,"href":"https:\/\/tvbrazilusa.com\/pt\/wp-json\/wp\/v2\/categories?post=131812"},{"taxonomy":"post_tag","embeddable":true,"href":"https:\/\/tvbrazilusa.com\/pt\/wp-json\/wp\/v2\/tags?post=131812"}],"curies":[{"name":"wp","href":"https:\/\/api.w.org\/{rel}","templated":true}]}}