{"id":131854,"date":"2025-12-04T15:19:42","date_gmt":"2025-12-04T15:19:42","guid":{"rendered":"https:\/\/tvbrazilusa.com\/2025\/12\/04\/show-da-manha-urgente-todos-contra-gilmar-mendes-sebastiao-coelho-exclusivo-04-12-2025\/"},"modified":"2025-12-04T15:19:42","modified_gmt":"2025-12-04T15:19:42","slug":"show-da-manha-urgente-todos-contra-gilmar-mendes-sebastiao-coelho-exclusivo-04-12-2025","status":"publish","type":"post","link":"https:\/\/tvbrazilusa.com\/pt\/2025\/12\/04\/show-da-manha-urgente-todos-contra-gilmar-mendes-sebastiao-coelho-exclusivo-04-12-2025\/","title":{"rendered":"SHOW DA MANH\u00c3 &#8211; URGENTE: TODOS CONTRA GILMAR MENDES &#8211; SEBASTI\u00c3O COELHO EXCLUSIVO &#8211; 04\/12\/2025"},"content":{"rendered":"<p><iframe  width=\"580\" height=\"385\" src=\"https:\/\/www.youtube.com\/embed\/y1pztttXRz8?modestbranding=1\" frameborder=\"0\" allowfullscreen><\/iframe><br \/>\n<br \/>Apresentado por Marco Ant\u00f4nio Costa<br \/>\nConvidados: Enio Viterbo e Fred Rodrigues<br \/>\nParticipa\u00e7\u00e3o Especial: Pedro P\u00f4ncio e Sebasti\u00e3o Coelho<\/p>\n<p>INSCREVA-SE NO NOSSO CANAL! CURTA E COMPARTILHE NOSSA LIVE!<\/p>\n<p>O SHOW DA MANH\u00c3 VAI AO AR DE SEGUNDA A SEXTA, DAS 10H \u00c0S 12H.<\/p>\n<p>CONVERSE COM A VELLARY SUPLEMENTOS E ADQUIRA O \u201cARTRO PR\u00d3\u201d:  <\/p>\n<p>\ud83d\udd25 NOVIDADES NO FIO DI\u00c1RIO! Assine o plano anual com 50% OFF e tenha 12 meses de informa\u00e7\u00e3o sem censura. \ud83d\udc49 <\/p>\n<p>FA\u00c7A SUA DOA\u00c7\u00c3O PARA O FIO DI\u00c1RIO PELO PIX: contato@fiodiario.com<\/p>\n<p>\ud83d\udd25ADQUIRA J\u00c1 A SUA CAMISETA &#8220;FORA MORAES&#8221; (CUPOM \u201cFIODIARIO10\u201d PARA 10% DE DESCONTO) \ud83d\udc49 <\/p>\n<p>\ud83d\udd25BLACK FRIDAY NA LIVRARIA FIO DI\u00c1RIO! DESCONTOS DE AT\u00c9 80%! ACESSE:  <\/p>\n<p>PESQUISA A RESPEITO DA ANISTIA \u00c0S V\u00cdTIMAS DO 08 DE JANEIRO: <\/p>\n<p>IFPE BRASIL: <\/p>\n<p>SIGA NO INSTAGRAM:<br \/>\nMarco Ant\u00f4nio Costa: <\/p>\n<p>Fio Di\u00e1rio: <\/p>\n<p>SEJA UM VOLUNT\u00c1RIO E NOS AJUDE EM NOSSA LUTA PELA LIBERDADE: <\/p>\n<p>SIGA O CANAL FIO DI\u00c1RIO NO WHATSAPP: <\/p>\n<p>SIGA O CANAL FIO DI\u00c1RIO NO TELEGRAM: <\/p>\n<p>SIGA O CANAL MARCO ANT\u00d4NIO COSTA NO TELEGRAM: <\/p>\n<p>OU\u00c7A NO SPOTIFY: <\/p>\n<p>Fabiano Silva (Charges):<br \/>\nInstagram: <\/p>\n<p><a href=\"https:\/\/www.youtube.com\/watch?v=y1pztttXRz8\">source<\/a><\/p>","protected":false},"excerpt":{"rendered":"<p>Apresentado por Marco Ant\u00f4nio Costa Convidados: Enio Viterbo e Fred Rodrigues Participa\u00e7\u00e3o Especial: Pedro P\u00f4ncio e Sebasti\u00e3o Coelho INSCREVA-SE NO NOSSO CANAL! CURTA E COMPARTILHE NOSSA LIVE! O SHOW DA&hellip;<\/p>","protected":false},"author":1,"featured_media":131855,"comment_status":"","ping_status":"open","sticky":false,"template":"","format":"standard","meta":{"content-type":"","footnotes":""},"categories":[17],"tags":[895,94,304,3702,557,4001,894,63,811,571],"class_list":["post-131854","post","type-post","status-publish","format-standard","has-post-thumbnail","hentry","category-programas","tag-coelho","tag-contra","tag-exclusivo","tag-gilmar","tag-manha","tag-mendes","tag-sebastiao","tag-show","tag-todos","tag-urgente"],"_links":{"self":[{"href":"https:\/\/tvbrazilusa.com\/pt\/wp-json\/wp\/v2\/posts\/131854","targetHints":{"allow":["GET"]}}],"collection":[{"href":"https:\/\/tvbrazilusa.com\/pt\/wp-json\/wp\/v2\/posts"}],"about":[{"href":"https:\/\/tvbrazilusa.com\/pt\/wp-json\/wp\/v2\/types\/post"}],"author":[{"embeddable":true,"href":"https:\/\/tvbrazilusa.com\/pt\/wp-json\/wp\/v2\/users\/1"}],"replies":[{"embeddable":true,"href":"https:\/\/tvbrazilusa.com\/pt\/wp-json\/wp\/v2\/comments?post=131854"}],"version-history":[{"count":0,"href":"https:\/\/tvbrazilusa.com\/pt\/wp-json\/wp\/v2\/posts\/131854\/revisions"}],"wp:featuredmedia":[{"embeddable":true,"href":"https:\/\/tvbrazilusa.com\/pt\/wp-json\/wp\/v2\/media\/131855"}],"wp:attachment":[{"href":"https:\/\/tvbrazilusa.com\/pt\/wp-json\/wp\/v2\/media?parent=131854"}],"wp:term":[{"taxonomy":"category","embeddable":true,"href":"https:\/\/tvbrazilusa.com\/pt\/wp-json\/wp\/v2\/categories?post=131854"},{"taxonomy":"post_tag","embeddable":true,"href":"https:\/\/tvbrazilusa.com\/pt\/wp-json\/wp\/v2\/tags?post=131854"}],"curies":[{"name":"wp","href":"https:\/\/api.w.org\/{rel}","templated":true}]}}