{"id":13188,"date":"2024-07-31T13:08:43","date_gmt":"2024-07-31T13:08:43","guid":{"rendered":"https:\/\/tvbrazilusa.com\/2024\/07\/31\/norah-odonnell-deixa-o-cargo-de-ancora-do-noticiario-noturno-da-cbs-apos-a-eleicao\/"},"modified":"2024-07-31T13:14:14","modified_gmt":"2024-07-31T13:14:14","slug":"norah-odonnell-deixa-o-cargo-de-ancora-do-noticiario-noturno-da-cbs-apos-a-eleicao","status":"publish","type":"post","link":"https:\/\/tvbrazilusa.com\/pt\/2024\/07\/31\/norah-odonnell-deixa-o-cargo-de-ancora-do-noticiario-noturno-da-cbs-apos-a-eleicao\/","title":{"rendered":"Norah O&#39;Donnell deixa o cargo de \u00e2ncora do notici\u00e1rio noturno da CBS ap\u00f3s a elei\u00e7\u00e3o"},"content":{"rendered":"<p> <script async src=\"https:\/\/pagead2.googlesyndication.com\/pagead\/js\/adsbygoogle.js?client=ca-pub-8864793242727901\"\r\n     crossorigin=\"anonymous\"><\/script><br \/>\n<\/p>\n<div id=\"\">\n<header class=\"m-article-header m-article-header--standard\">\n\t\t\t\t\t\t\t\t\t\t\t\t<span id=\"article-header-primary-term\"><br \/>\n\t\t\t\t\t\t\t\t<a class=\"a-term a-term--primary\" href=\"https:\/\/www.boston.com\/tag\/media\/\"><\/p>\n<p>\t\t\t\t\t\t\t\tmeios de comunica\u00e7\u00e3o\t\t\t\t\t\t\t\t<\/a><br \/>\n\t\t\t\t\t\t\t<\/span><\/p>\n<h2 class=\"m-article-header__sub-headline\">\u201cPassei 12 anos na cadeira de \u00e2ncora aqui na CBS News, preso a uma transmiss\u00e3o di\u00e1ria e aos rigores de um ciclo de not\u00edcias implac\u00e1vel\u201d, escreveu O&#39;Donnell. \u201c\u00c9 hora de fazer algo diferente.\u201d<\/h2>\n<figure class=\"a-photo m-article-header__photo\"><figcaption class=\"a-photo__caption\">\n<p>\tNorah O&#39;Donnell no novo set do &#8220;CBS Evening News with Norah O&#39;Donnell&#8221; em Washington, DC, em 16 de agosto de 2022. <em> TJ Kirkpatrick\/CBS News via AP<\/em>\t<\/figcaption><\/figure>\n<div class=\"m-article-header__meta\">\n<div class=\"m-article-header__byline\">\n<p class=\"m-article-header__author\">\n<p>\t\t\t\t\t\t\t\tPor DAVID BAUDER, Associated Press\t\t\t\t\t\t\t<\/p>\n<p>\t\t\t\t\t\t    \t\t\t\t\t\t\t<time class=\"m-article-header__date\"><\/p>\n<p>        \t\t\t\t\t\t\t31 de julho de 2024 | 9h08    \t\t\t\t\t\t\t<\/time><\/p><\/div>\n<\/p><\/div>\n<\/header>\n<p>Norah O&#39;Donnell disse na ter\u00e7a-feira que deixar\u00e1 o cargo de \u00e2ncora do \u201cCBS Evening News\u201d ap\u00f3s a elei\u00e7\u00e3o presidencial, cargo que ocupou por cinco anos.<\/p>\n<p>O&#39;Donnell, 50, \u00e9 o apresentador da rede <a href=\"https:\/\/apnews.com\/hub\/norah-odonnell\">\u00e2ncora superior<\/a> desde 2019, e antes disso foi apresentadora do programa de not\u00edcias matinal da CBS e correspondente da Casa Branca cobrindo a administra\u00e7\u00e3o do presidente Barack Obama. Ela disse a seus colegas da CBS News em um e-mail na ter\u00e7a-feira que est\u00e1 ansiosa por uma mudan\u00e7a.<\/p>\n<p>\u201cPassei 12 anos na cadeira de \u00e2ncora aqui na CBS News, presa a uma transmiss\u00e3o di\u00e1ria e aos rigores de um ciclo de not\u00edcias implac\u00e1vel\u201d, ela escreveu. \u201c\u00c9 hora de fazer algo diferente.\u201d<\/p>\n<p>Ela disse que permanecer\u00e1 na CBS News para contribuir com entrevistas e outras hist\u00f3rias, mas em uma fun\u00e7\u00e3o n\u00e3o totalmente definida. A CBS diz que est\u00e1 comprometida com a continuidade da transmiss\u00e3o, mas n\u00e3o deu nenhuma indica\u00e7\u00e3o de quem a substituir\u00e1.<\/p>\n<p>O \u201cCBS Evening News\u201d, o poleiro de onde Walter Cronkite e <a href=\"https:\/\/apnews.com\/hub\/dan-rather\">Dan Em vez disso<\/a> mantido por muitos anos, geralmente ocupa o terceiro lugar nas classifica\u00e7\u00f5es da rede, atr\u00e1s do \u201cWorld News Tonight\u201d da ABC com David Muir e do \u201cNBC Nightly News\u201d com Lester Holt.<\/p>\n<p>Durante a semana de 15 a 21 de julho, por exemplo, a ABC teve uma m\u00e9dia de 6,8 milh\u00f5es de espectadores, a NBC teve 5,5 milh\u00f5es e a CBS teve 4 milh\u00f5es, disse a empresa Nielsen.<\/p>\n<p>Antes do surgimento dos notici\u00e1rios a cabo, os tr\u00eas \u00e2ncoras dos telejornais noturnos eram geralmente considerados os jornalistas mais poderosos do notici\u00e1rio televisivo e ainda s\u00e3o influentes.<\/p>\n<p>O&#39;Donnell disse que uma entrevista recente com o Papa Francisco, que se tornou seu primeiro especial de hor\u00e1rio nobre para a rede, a fez pensar em fazer algo novo. Ela se concentrar\u00e1 em entrevistas no futuro para v\u00e1rias propriedades digitais e de transmiss\u00e3o da CBS.<\/p>\n<p>\u201cO superpoder de Norah \u00e9 sua capacidade de garantir e ent\u00e3o entregar com maestria entrevistas e hist\u00f3rias inigual\u00e1veis \u200b\u200bque definem o ciclo de not\u00edcias e capturam o zeitgeist cultural\u201d, disse Wendy McMahon, presidente da CBS News.<\/p>\n<p>Ela disse que a mudan\u00e7a n\u00e3o tinha nada a ver com a fus\u00e3o pendente da controladora da CBS News, Paramount, com a Skydance Media. A presidente da CBS News, Ingrid Ciprian-Matthews, anunciou sua sa\u00edda da rede logo ap\u00f3s a not\u00edcia da fus\u00e3o ser divulgada.<\/p>\n<div class=\"m-block m-generic-cta\t m-generic-cta--post-content\t m-generic-cta--dark\t m-generic-cta--homepage\t m-generic-cta--email-signup\t\t m-generic-cta-block-style--default \tt-amp__generic-cta\"><\/p>\n<div class=\"m-generic-cta__wrap\">\n<div class=\"m-generic-cta__content\">\n<h3 class=\"m-generic-cta__title\">Alertas de not\u00edcias extras<\/h3>\n<p class=\"m-generic-cta__subtitle\">Receba atualiza\u00e7\u00f5es de \u00faltima hora assim que elas acontecerem.<\/p>\n<\/p><\/div>\n<\/p><\/div>\n<\/div><\/div>\n<p><script>\n\t\tvar consent=\"grant\";\n\t\t\/* The above code is parsing the JSON data from the local storage and storing it in a variable. *\/\n\t\t\t\t\tconst onetrustStorageConsent = JSON.parse(localStorage.getItem( 'consent_one_trust_bdc' ) );\n\t\t\tif ( ( onetrustStorageConsent !== null ) ) {\n\t\t\t\t\/* Checking to see if the user has consented to the use of cookies.\n\t\t\t\t* If they have not, it is deleting the cookie.\n\t\t\t\t* This will comment for now, until further notice.\n\t\t\t\t*\/\n\t\t\t\t\/\/if ( onetrustStorageConsent.C0002 === false ) {\n\t\t\t\t\/\/\tdocument.cookie=\"_fbp=;expires=Thu, 01 Jan 2010 00:00:00 UTC; path=\/; domain=.boston.com\";\n\t\t\t\t\/\/}\n\t\t\t\t\/* Checking if the user has given consent for the cookie C0002.\n\t\t\t\t* If the user has given consent, the variable consent will be set to 'grant'.\n\t\t\t\t* If the user has not given consent,the variable consent will be set to 'revoke'.\n\t\t\t\t* Documentation https:\/\/developers.facebook.com\/docs\/meta-pixel\/implementation\/gdpr\n\t\t\t\t*\/\n\t\t\t\tif ( onetrustStorageConsent.C0002 !== true ) {\n\t\t\t\t\tconsent=\"revoke\";\n\t\t\t\t}\n\t\t\t}\n\t\t\t\t!function(f,b,e,v,n,t,s)\n\t\t{if(f.fbq)return;n=f.fbq=function(){n.callMethod?\n\t\tn.callMethod.apply(n,arguments):n.queue.push(arguments)};\n\t\tif(!f._fbq)f._fbq=n;n.push=n;n.loaded=!0;n.version='2.0';\n\t\tn.queue=[];t=b.createElement(e);t.async=!0;\n\t\tt.src=v;s=b.getElementsByTagName(e)[0];\n\t\ts.parentNode.insertBefore(t,s)}(window, document,'script',\n\t\t'https:\/\/connect.facebook.net\/en_US\/fbevents.js');\n\t\tfbq('consent', consent);\n\t\tfbq('init', '989222871864976');\n\t\tfbq('track', 'PageView');\n\t<\/script><script type=\"module\">\n\t\tvar consent=\"grant\";\n\t\t\/* The above code is parsing the JSON data from the local storage and storing it in a variable. *\/\n\t\t\tconst onetrustStorageConsent = JSON.parse(localStorage.getItem( 'consent_one_trust_bdc' ) );\n\t\t\t\/* Checking to see if the user has consented to the use of cookies.\n\t\t\t* If they have not, it is deleting the cookie.\n\t\t\t* This will comment for now, until further notice.\n\t\t\t*\/\n\t\t\t\/\/if ( onetrustStorageConsent.C0002 === false ) {\n\t\t\t\/\/\tdocument.cookie=\"_fbp=;expires=Thu, 01 Jan 2010 00:00:00 UTC; path=\/; domain=.boston.com\";\n\t\t\t\/\/}\n\t\t\t\/* Checking if the user has given consent for the cookie C0002.\n\t\t\t* If the user has given consent, the variable consent will be set to 'grant'.\n\t\t\t* If the user has not given consent,the variable consent will be set to 'revoke'.\n\t\t\t* Documentation https:\/\/developers.facebook.com\/docs\/meta-pixel\/implementation\/gdpr\n\t\t\t*\/\n\t\t\tif ( ( onetrustStorageConsent !== null ) && (onetrustStorageConsent.C0002 !== true ) ) {\n\t\t\t\tconsent=\"revoke\";\n\t\t\t}\n\t\t\t\t!function(f,b,e,v,n,t,s){if(f.fbq)return;n=f.fbq=function()\n\t\t{n.callMethod? n.callMethod.apply(n,arguments):n.queue.push(arguments)}\n\t\t;if(!f._fbq)f._fbq=n;\n\t\tn.push=n;n.loaded=!0;n.version='2.0';n.queue=[];t=b.createElement(e);t.async=!0;\n\t\tt.src=v;s=b.getElementsByTagName(e)[0];s.parentNode.insertBefore(t,s)}(window,\n\t\tdocument,'script','https:\/\/connect.facebook.net\/en_US\/fbevents.js');\n\t\tfbq('consent', consent);\n\t\tfbq('init', '813236348753005');\n\t\tfbq('track', \"PageView\");\n\t<\/script><br \/>\n<br \/><br \/>\n<br \/><a href=\"https:\/\/www.boston.com\/news\/media\/2024\/07\/31\/norah-odonnell-leaving-anchor-cbs-evening-newscast-after-election\/\">Source link <\/a><\/p>","protected":false},"excerpt":{"rendered":"<p>meios de comunica\u00e7\u00e3o \u201cPassei 12 anos na cadeira de \u00e2ncora aqui na CBS News, preso a uma transmiss\u00e3o di\u00e1ria e aos rigores de um ciclo de not\u00edcias implac\u00e1vel\u201d, escreveu O&#39;Donnell.&hellip;<\/p>","protected":false},"author":1,"featured_media":13189,"comment_status":"closed","ping_status":"open","sticky":false,"template":"","format":"standard","meta":{"content-type":"","footnotes":""},"categories":[1],"tags":[],"class_list":["post-13188","post","type-post","status-publish","format-standard","has-post-thumbnail","hentry","category-uncategorized"],"_links":{"self":[{"href":"https:\/\/tvbrazilusa.com\/pt\/wp-json\/wp\/v2\/posts\/13188","targetHints":{"allow":["GET"]}}],"collection":[{"href":"https:\/\/tvbrazilusa.com\/pt\/wp-json\/wp\/v2\/posts"}],"about":[{"href":"https:\/\/tvbrazilusa.com\/pt\/wp-json\/wp\/v2\/types\/post"}],"author":[{"embeddable":true,"href":"https:\/\/tvbrazilusa.com\/pt\/wp-json\/wp\/v2\/users\/1"}],"replies":[{"embeddable":true,"href":"https:\/\/tvbrazilusa.com\/pt\/wp-json\/wp\/v2\/comments?post=13188"}],"version-history":[{"count":1,"href":"https:\/\/tvbrazilusa.com\/pt\/wp-json\/wp\/v2\/posts\/13188\/revisions"}],"predecessor-version":[{"id":13190,"href":"https:\/\/tvbrazilusa.com\/pt\/wp-json\/wp\/v2\/posts\/13188\/revisions\/13190"}],"wp:featuredmedia":[{"embeddable":true,"href":"https:\/\/tvbrazilusa.com\/pt\/wp-json\/wp\/v2\/media\/13189"}],"wp:attachment":[{"href":"https:\/\/tvbrazilusa.com\/pt\/wp-json\/wp\/v2\/media?parent=13188"}],"wp:term":[{"taxonomy":"category","embeddable":true,"href":"https:\/\/tvbrazilusa.com\/pt\/wp-json\/wp\/v2\/categories?post=13188"},{"taxonomy":"post_tag","embeddable":true,"href":"https:\/\/tvbrazilusa.com\/pt\/wp-json\/wp\/v2\/tags?post=13188"}],"curies":[{"name":"wp","href":"https:\/\/api.w.org\/{rel}","templated":true}]}}