{"id":131970,"date":"2025-11-27T01:38:42","date_gmt":"2025-11-27T01:38:42","guid":{"rendered":"https:\/\/tvbrazilusa.com\/2025\/11\/27\/a-farsa-da-prisao-de-bolsonaro-anistia-imediata-impacto-nas-eleicoes-de-2026\/"},"modified":"2025-11-27T01:38:42","modified_gmt":"2025-11-27T01:38:42","slug":"a-farsa-da-prisao-de-bolsonaro-anistia-imediata-impacto-nas-eleicoes-de-2026","status":"publish","type":"post","link":"https:\/\/tvbrazilusa.com\/pt\/2025\/11\/27\/a-farsa-da-prisao-de-bolsonaro-anistia-imediata-impacto-nas-eleicoes-de-2026\/","title":{"rendered":"A FARSA DA PRIS\u00c3O DE BOLSONARO \/ ANISTIA IMEDIATA \/ IMPACTO NAS ELEI\u00c7\u00d5ES DE 2026"},"content":{"rendered":"<p><iframe  width=\"580\" height=\"385\" src=\"https:\/\/www.youtube.com\/embed\/IxQSvAdbFSo?modestbranding=1\" frameborder=\"0\" allowfullscreen><\/iframe><br \/>\n<br \/>O Bom dia, JCO recebe a advogada Katia Magalh\u00e3es e o m\u00e9dico Fernando Pechy. Apresenta\u00e7\u00e3o de Camila Abdo<br \/>\n<br \/><a href=\"https:\/\/www.youtube.com\/watch?v=IxQSvAdbFSo\">source<\/a><\/p>","protected":false},"excerpt":{"rendered":"<p>O Bom dia, JCO recebe a advogada Katia Magalh\u00e3es e o m\u00e9dico Fernando Pechy. Apresenta\u00e7\u00e3o de Camila Abdo source<\/p>","protected":false},"author":1,"featured_media":131971,"comment_status":"","ping_status":"open","sticky":false,"template":"","format":"standard","meta":{"content-type":"","footnotes":""},"categories":[17],"tags":[10619,136,1408,21355,21061,17679,300,701],"class_list":["post-131970","post","type-post","status-publish","format-standard","has-post-thumbnail","hentry","category-programas","tag-anistia","tag-bolsonaro","tag-eleicoes","tag-farsa","tag-imediata","tag-impacto","tag-nas","tag-prisao"],"_links":{"self":[{"href":"https:\/\/tvbrazilusa.com\/pt\/wp-json\/wp\/v2\/posts\/131970","targetHints":{"allow":["GET"]}}],"collection":[{"href":"https:\/\/tvbrazilusa.com\/pt\/wp-json\/wp\/v2\/posts"}],"about":[{"href":"https:\/\/tvbrazilusa.com\/pt\/wp-json\/wp\/v2\/types\/post"}],"author":[{"embeddable":true,"href":"https:\/\/tvbrazilusa.com\/pt\/wp-json\/wp\/v2\/users\/1"}],"replies":[{"embeddable":true,"href":"https:\/\/tvbrazilusa.com\/pt\/wp-json\/wp\/v2\/comments?post=131970"}],"version-history":[{"count":0,"href":"https:\/\/tvbrazilusa.com\/pt\/wp-json\/wp\/v2\/posts\/131970\/revisions"}],"wp:featuredmedia":[{"embeddable":true,"href":"https:\/\/tvbrazilusa.com\/pt\/wp-json\/wp\/v2\/media\/131971"}],"wp:attachment":[{"href":"https:\/\/tvbrazilusa.com\/pt\/wp-json\/wp\/v2\/media?parent=131970"}],"wp:term":[{"taxonomy":"category","embeddable":true,"href":"https:\/\/tvbrazilusa.com\/pt\/wp-json\/wp\/v2\/categories?post=131970"},{"taxonomy":"post_tag","embeddable":true,"href":"https:\/\/tvbrazilusa.com\/pt\/wp-json\/wp\/v2\/tags?post=131970"}],"curies":[{"name":"wp","href":"https:\/\/api.w.org\/{rel}","templated":true}]}}