{"id":132015,"date":"2025-11-25T13:11:08","date_gmt":"2025-11-25T13:11:08","guid":{"rendered":"https:\/\/tvbrazilusa.com\/2025\/11\/25\/populacao-rejeita-prisao-de-bolsonaro-anistia-geral-vai-passar-25-11\/"},"modified":"2025-11-25T13:11:08","modified_gmt":"2025-11-25T13:11:08","slug":"populacao-rejeita-prisao-de-bolsonaro-anistia-geral-vai-passar-25-11","status":"publish","type":"post","link":"https:\/\/tvbrazilusa.com\/pt\/2025\/11\/25\/populacao-rejeita-prisao-de-bolsonaro-anistia-geral-vai-passar-25-11\/","title":{"rendered":"POPULA\u00c7\u00c3O REJEITA PRIS\u00c3O DE BOLSONARO \/ ANISTIA GERAL VAI PASSAR &#8211; 25\/11"},"content":{"rendered":"<p><iframe  width=\"580\" height=\"385\" src=\"https:\/\/www.youtube.com\/embed\/CaIZpMyzbK0?modestbranding=1\" frameborder=\"0\" allowfullscreen><\/iframe><br \/>\n<br \/>O Bom dia, JCO recebe o economista Paulo Kogos e o ativista pol\u00edtico Douglas Garcia<br \/>\n<br \/><a href=\"https:\/\/www.youtube.com\/watch?v=CaIZpMyzbK0\">source<\/a><\/p>","protected":false},"excerpt":{"rendered":"<p>O Bom dia, JCO recebe o economista Paulo Kogos e o ativista pol\u00edtico Douglas Garcia source<\/p>","protected":false},"author":1,"featured_media":132016,"comment_status":"","ping_status":"open","sticky":false,"template":"","format":"standard","meta":{"content-type":"","footnotes":""},"categories":[17],"tags":[10619,136,17936,1098,31886,701,2363,253],"class_list":["post-132015","post","type-post","status-publish","format-standard","has-post-thumbnail","hentry","category-programas","tag-anistia","tag-bolsonaro","tag-geral","tag-passar","tag-populacao","tag-prisao","tag-rejeita","tag-vai"],"_links":{"self":[{"href":"https:\/\/tvbrazilusa.com\/pt\/wp-json\/wp\/v2\/posts\/132015","targetHints":{"allow":["GET"]}}],"collection":[{"href":"https:\/\/tvbrazilusa.com\/pt\/wp-json\/wp\/v2\/posts"}],"about":[{"href":"https:\/\/tvbrazilusa.com\/pt\/wp-json\/wp\/v2\/types\/post"}],"author":[{"embeddable":true,"href":"https:\/\/tvbrazilusa.com\/pt\/wp-json\/wp\/v2\/users\/1"}],"replies":[{"embeddable":true,"href":"https:\/\/tvbrazilusa.com\/pt\/wp-json\/wp\/v2\/comments?post=132015"}],"version-history":[{"count":0,"href":"https:\/\/tvbrazilusa.com\/pt\/wp-json\/wp\/v2\/posts\/132015\/revisions"}],"wp:featuredmedia":[{"embeddable":true,"href":"https:\/\/tvbrazilusa.com\/pt\/wp-json\/wp\/v2\/media\/132016"}],"wp:attachment":[{"href":"https:\/\/tvbrazilusa.com\/pt\/wp-json\/wp\/v2\/media?parent=132015"}],"wp:term":[{"taxonomy":"category","embeddable":true,"href":"https:\/\/tvbrazilusa.com\/pt\/wp-json\/wp\/v2\/categories?post=132015"},{"taxonomy":"post_tag","embeddable":true,"href":"https:\/\/tvbrazilusa.com\/pt\/wp-json\/wp\/v2\/tags?post=132015"}],"curies":[{"name":"wp","href":"https:\/\/api.w.org\/{rel}","templated":true}]}}