{"id":132023,"date":"2026-04-24T15:49:32","date_gmt":"2026-04-24T15:49:32","guid":{"rendered":"https:\/\/tvbrazilusa.com\/2026\/04\/24\/michelle-faz-post-provocativo-para-carlos-bolsonaro\/"},"modified":"2026-04-24T15:54:40","modified_gmt":"2026-04-24T15:54:40","slug":"michelle-faz-post-provocativo-para-carlos-bolsonaro","status":"publish","type":"post","link":"https:\/\/tvbrazilusa.com\/pt\/2026\/04\/24\/michelle-faz-post-provocativo-para-carlos-bolsonaro\/","title":{"rendered":"Michelle faz post provocativo para Carlos Bolsonaro"},"content":{"rendered":"<p> <script async src=\"https:\/\/pagead2.googlesyndication.com\/pagead\/js\/adsbygoogle.js?client=ca-pub-8864793242727901\"\r\n     crossorigin=\"anonymous\"><\/script><br \/>\n<\/p>\n<div id=\"cd-article-content\">\n<p>A ex-primeira-dama Michelle Bolsonaro voltou a compartilhar conte\u00fado do senador <a href=\"https:\/\/www25.senado.leg.br\/web\/senadores\/senador\/-\/perfil\/22\" target=\"_blank\" rel=\"noopener\">Esperidi\u00e3o Amin<\/a>, advers\u00e1rio de<a href=\"https:\/\/claudiodantas.com.br\/carlos-bolsonaro-cobra-apoio-interno-a-flavio\/\"> Carlos Bolsonaro <\/a>na disputa ao Senado por Santa Catarina em 2026.<\/p>\n<p><a href=\"https:\/\/whatsapp.com\/channel\/0029VaTFkH2HVvTbkE883x1x\" target=\"_blank\" class=\"whatsapp-channel-message\" rel=\"noopener\">\u2705 Siga o canal do Claudio Dantas no WhatsApp<\/a><\/p>\n<p>A publica\u00e7\u00e3o foi feita na noite de quinta-feira (23) e marca a segunda vez, em menos de um m\u00eas, que Michelle divulga conte\u00fado do senador catarinense.<\/p>\n<p>Desta vez, a ex-primeira-dama compartilhou v\u00eddeo em que Amin defende o \u201cPL da Dosimetria\u201d, que trata da redu\u00e7\u00e3o de penas para condenados pelos atos de 8 de janeiro.<\/p>\n<figure class=\"wp-block-image size-large is-resized\"><figcaption class=\"wp-element-caption\"><em>Print dos stories de Michelle Bolsonaro. Foto: Reprodu\u00e7\u00e3o<\/em><\/figcaption><\/figure>\n<p>\u201cA Lei da Dosimetria prev\u00ea a redu\u00e7\u00e3o das penas abusivas dos condenados do 8 de janeiro, exclusivamente isso. Ela n\u00e3o beneficiar\u00e1 nenhuma pessoa que tenha cometido qualquer outro crime. Na pr\u00f3xima semana, vamos apreciar o veto do presidente ao projeto. Acredito que teremos a maioria para derrubar esse veto e fazer justi\u00e7a\u201d, afirmou o senador.<\/p>\n<p>No in\u00edcio de abril, Michelle j\u00e1 havia divulgado outro conte\u00fado de Amin, relacionado ao Dia Mundial de Conscientiza\u00e7\u00e3o do Autismo.<\/p>\n<p>A movimenta\u00e7\u00e3o ocorre em meio \u00e0 disputa interna no Partido Liberal sobre candidaturas ao Senado em Santa Catarina. O partido articula a candidatura de <a href=\"https:\/\/claudiodantas.com.br\/alive-comentaristas-analisam-criticas-de-carlos-bolsonaro-a-governadores-da-direita\/\">Carlos <\/a>Bolsonaro, que transferiu o domic\u00edlio eleitoral do Rio de Janeiro para o estado.<\/p>\n<p>Al\u00e9m dele, a deputada federal Caroline de Toni tamb\u00e9m deve disputar uma vaga. Amin, por sua vez, busca a reelei\u00e7\u00e3o.<\/p>\n<p>Nos bastidores, a disputa \u00e9 considerada estrat\u00e9gica para o partido no estado. A divulga\u00e7\u00e3o do conte\u00fado de Amin ocorre no contexto de diverg\u00eancias internas sobre a forma\u00e7\u00e3o das chapas.<\/p>\n<p>Aliados de <a href=\"https:\/\/claudiodantas.com.br\/michelle-nao-apoia-candidatura-de-flavio\/\">Michelle <\/a>afirmam que ela \u00e9 contr\u00e1ria \u00e0 candidatura de Carlos em Santa Catarina, por n\u00e3o ser seu estado de origem. A ex-primeira-dama tamb\u00e9m tem sido citada como alternativa dentro do campo pol\u00edtico ligado ao ex-presidente Jair Bolsonaro.<\/p>\n<blockquote class=\"instagram-media\" data-instgrm-captioned=\"\" data-instgrm-permalink=\"https:\/\/www.instagram.com\/reel\/DXfKbkbD33o\/?utm_source=ig_embed&#038;utm_campaign=loading\" data-instgrm-version=\"14\" style=\" background:#FFF; border:0; border-radius:3px; box-shadow:0 0 1px 0 rgba(0,0,0,0.5),0 1px 10px 0 rgba(0,0,0,0.15); margin: 1px; max-width:540px; min-width:326px; padding:0; width:99.375%; width:-webkit-calc(100% - 2px); width:calc(100% - 2px);\"\/>\n<\/div>\n<p><script type=\"7f9b2260978cce31a88c8356-text\/javascript\">!function(f,b,e,v,n,t,s){if(f.fbq)return;n=f.fbq=function(){n.callMethod?n.callMethod.apply(n,arguments):n.queue.push(arguments)};if(!f._fbq)f._fbq=n;n.push=n;n.loaded=!0;n.version='2.0';n.queue=[];t=b.createElement(e);t.async=!0;t.src=v;s=b.getElementsByTagName(e)[0];s.parentNode.insertBefore(t,s)}(window,document,'script','https:\/\/connect.facebook.net\/en_US\/fbevents.js');fbq('init','1423865622537930');fbq('track','PageView');<\/script><script async src=\"\/\/www.instagram.com\/embed.js\"><\/script><br \/>\n<br \/><br \/>\n<br \/><a href=\"https:\/\/claudiodantas.com.br\/michelle-faz-post-provocativo-para-carlos-bolsonaro\/\">Source link <\/a><\/p>","protected":false},"excerpt":{"rendered":"<p>A ex-primeira-dama Michelle Bolsonaro voltou a compartilhar conte\u00fado do senador Esperidi\u00e3o Amin, advers\u00e1rio de Carlos Bolsonaro na disputa ao Senado por Santa Catarina em 2026. \u2705 Siga o canal do&hellip;<\/p>","protected":false},"author":1,"featured_media":132024,"comment_status":"closed","ping_status":"open","sticky":false,"template":"","format":"standard","meta":{"content-type":"","footnotes":""},"categories":[16],"tags":[],"class_list":["post-132023","post","type-post","status-publish","format-standard","has-post-thumbnail","hentry","category-noticias"],"_links":{"self":[{"href":"https:\/\/tvbrazilusa.com\/pt\/wp-json\/wp\/v2\/posts\/132023","targetHints":{"allow":["GET"]}}],"collection":[{"href":"https:\/\/tvbrazilusa.com\/pt\/wp-json\/wp\/v2\/posts"}],"about":[{"href":"https:\/\/tvbrazilusa.com\/pt\/wp-json\/wp\/v2\/types\/post"}],"author":[{"embeddable":true,"href":"https:\/\/tvbrazilusa.com\/pt\/wp-json\/wp\/v2\/users\/1"}],"replies":[{"embeddable":true,"href":"https:\/\/tvbrazilusa.com\/pt\/wp-json\/wp\/v2\/comments?post=132023"}],"version-history":[{"count":1,"href":"https:\/\/tvbrazilusa.com\/pt\/wp-json\/wp\/v2\/posts\/132023\/revisions"}],"predecessor-version":[{"id":132025,"href":"https:\/\/tvbrazilusa.com\/pt\/wp-json\/wp\/v2\/posts\/132023\/revisions\/132025"}],"wp:featuredmedia":[{"embeddable":true,"href":"https:\/\/tvbrazilusa.com\/pt\/wp-json\/wp\/v2\/media\/132024"}],"wp:attachment":[{"href":"https:\/\/tvbrazilusa.com\/pt\/wp-json\/wp\/v2\/media?parent=132023"}],"wp:term":[{"taxonomy":"category","embeddable":true,"href":"https:\/\/tvbrazilusa.com\/pt\/wp-json\/wp\/v2\/categories?post=132023"},{"taxonomy":"post_tag","embeddable":true,"href":"https:\/\/tvbrazilusa.com\/pt\/wp-json\/wp\/v2\/tags?post=132023"}],"curies":[{"name":"wp","href":"https:\/\/api.w.org\/{rel}","templated":true}]}}