{"id":132028,"date":"2026-04-24T15:46:00","date_gmt":"2026-04-24T15:46:00","guid":{"rendered":"https:\/\/tvbrazilusa.com\/2026\/04\/24\/lula-retira-cancer-de-pele-do-couro-cabeludo\/"},"modified":"2026-04-24T16:01:22","modified_gmt":"2026-04-24T16:01:22","slug":"lula-retira-cancer-de-pele-do-couro-cabeludo","status":"publish","type":"post","link":"https:\/\/tvbrazilusa.com\/pt\/2026\/04\/24\/lula-retira-cancer-de-pele-do-couro-cabeludo\/","title":{"rendered":"Lula retira c\u00e2ncer de pele do couro cabeludo"},"content":{"rendered":"<p> <script async src=\"https:\/\/pagead2.googlesyndication.com\/pagead\/js\/adsbygoogle.js?client=ca-pub-8864793242727901\"\r\n     crossorigin=\"anonymous\"><\/script><br \/>\n<\/p>\n<div id=\"cd-article-content\">\n<p>O presidente <strong><a href=\"https:\/\/claudiodantas.com.br\/tag\/lula\/\" data-type=\"post_tag\" data-id=\"4445\">Lula (PT)<\/a><\/strong> retirou nesta manh\u00e3 (24) um <strong><a href=\"https:\/\/pt.wikipedia.org\/wiki\/Carcinoma_basocelular\" target=\"_blank\" rel=\"noopener\">carcinoma basocelular<\/a><\/strong> no couro cabeludo durante procedimento no <strong><a href=\"https:\/\/claudiodantas.com.br\/tag\/hospital-sirio-libanes\/\" data-type=\"post_tag\" data-id=\"10641\">Hospital S\u00edrio-Liban\u00eas<\/a><\/strong>, em S\u00e3o Paulo (SP). O tumor tinha cerca de 1 cent\u00edmetro de circunfer\u00eancia.<\/p>\n<p><a href=\"https:\/\/whatsapp.com\/channel\/0029VaTFkH2HVvTbkE883x1x\" target=\"_blank\" class=\"whatsapp-channel-message\" rel=\"noopener\">\u2705 Siga o canal do Claudio Dantas no WhatsApp<\/a><\/p>\n<p>Segundo o m\u00e9dico Ricardo Kalil, a cirurgia ocorreu sem complica\u00e7\u00f5es. \u201cEle dever\u00e1 permanecer mais algumas horas no hospital e deve ir para casa hoje\u201d, afirmou.<\/p>\n<p>O procedimento foi realizado pela m\u00e9dica Cristina Abdala. \u201cFoi uma les\u00e3o de pele. \u00c9 muito comum, \u00e9 a mais comum que tem no mundo\u201d, disse Kalil.<\/p>\n<p>\u201c\u00c9 uma les\u00e3o de pele que vem da exposi\u00e7\u00e3o solar. \u00c9 muito comum e quando ela cresce, a gente tem que tirar\u201d, explicou Abdala.<\/p>\n<p>O material foi submetido \u00e0 bi\u00f3psia, que confirmou carcinoma basocelular, o tipo mais comum de c\u00e2ncer de pele. O risco de met\u00e1stase \u00e9 m\u00ednimo. N\u00e3o se trata de carcinoma espinocelular nem melanoma, formas mais graves de c\u00e2ncer.<\/p>\n<p>Lula tamb\u00e9m passou nesta manh\u00e3 por infiltra\u00e7\u00e3o na m\u00e3o direita para tratar uma tendinite. Ap\u00f3s a alta, deve ficar em repouso por alguns dias, sem impacto na agenda presidencial.<\/p>\n<p>\u201cVamos evitar grandes eventos nos pr\u00f3ximos dias. Lula n\u00e3o vai tomar medicamento. Ficou uma ferida cir\u00fargica e \u00e9 esperar cicatrizar, o que deve demorar um m\u00eas. O cuidado agora \u00e9 curativo, usar chap\u00e9u e tocar a vida normal dele\u201d, afirmou Kalil.<\/p>\n<p>O m\u00e9dico disse que o tratamento n\u00e3o interfere na campanha eleitoral: \u201cVai atrapalhar a campanha? A resposta \u00e9 n\u00e3o. O m\u00e1ximo que vai acontecer \u00e9 ele aparecer de chap\u00e9u, como aconteceu outras vezes\u201d.<\/p>\n<p>Lula chegou ao hospital por volta das 7h, acompanhado da primeira-dama Janja da Silva (PT).<\/p>\n<div class=\"wp-block-image\">\n<figure class=\"aligncenter size-large\"><figcaption class=\"wp-element-caption\"><strong>Foto: Fernando Fraz\u00e3o\/Ag\u00eancia Brasil<\/strong><\/figcaption><\/figure>\n<\/div>\n<\/div>\n<p><script type=\"56e8627c661ef85067d15183-text\/javascript\">!function(f,b,e,v,n,t,s){if(f.fbq)return;n=f.fbq=function(){n.callMethod?n.callMethod.apply(n,arguments):n.queue.push(arguments)};if(!f._fbq)f._fbq=n;n.push=n;n.loaded=!0;n.version='2.0';n.queue=[];t=b.createElement(e);t.async=!0;t.src=v;s=b.getElementsByTagName(e)[0];s.parentNode.insertBefore(t,s)}(window,document,'script','https:\/\/connect.facebook.net\/en_US\/fbevents.js');fbq('init','1423865622537930');fbq('track','PageView');<\/script><br \/>\n<br \/><br \/>\n<br \/><a href=\"https:\/\/claudiodantas.com.br\/lula-cancer-de-pele-couro-cabeludo\/\">Source link <\/a><\/p>","protected":false},"excerpt":{"rendered":"<p>O presidente Lula (PT) retirou nesta manh\u00e3 (24) um carcinoma basocelular no couro cabeludo durante procedimento no Hospital S\u00edrio-Liban\u00eas, em S\u00e3o Paulo (SP). O tumor tinha cerca de 1 cent\u00edmetro&hellip;<\/p>","protected":false},"author":1,"featured_media":132029,"comment_status":"closed","ping_status":"open","sticky":false,"template":"","format":"standard","meta":{"content-type":"","footnotes":""},"categories":[16],"tags":[],"class_list":["post-132028","post","type-post","status-publish","format-standard","has-post-thumbnail","hentry","category-noticias"],"_links":{"self":[{"href":"https:\/\/tvbrazilusa.com\/pt\/wp-json\/wp\/v2\/posts\/132028","targetHints":{"allow":["GET"]}}],"collection":[{"href":"https:\/\/tvbrazilusa.com\/pt\/wp-json\/wp\/v2\/posts"}],"about":[{"href":"https:\/\/tvbrazilusa.com\/pt\/wp-json\/wp\/v2\/types\/post"}],"author":[{"embeddable":true,"href":"https:\/\/tvbrazilusa.com\/pt\/wp-json\/wp\/v2\/users\/1"}],"replies":[{"embeddable":true,"href":"https:\/\/tvbrazilusa.com\/pt\/wp-json\/wp\/v2\/comments?post=132028"}],"version-history":[{"count":1,"href":"https:\/\/tvbrazilusa.com\/pt\/wp-json\/wp\/v2\/posts\/132028\/revisions"}],"predecessor-version":[{"id":132030,"href":"https:\/\/tvbrazilusa.com\/pt\/wp-json\/wp\/v2\/posts\/132028\/revisions\/132030"}],"wp:featuredmedia":[{"embeddable":true,"href":"https:\/\/tvbrazilusa.com\/pt\/wp-json\/wp\/v2\/media\/132029"}],"wp:attachment":[{"href":"https:\/\/tvbrazilusa.com\/pt\/wp-json\/wp\/v2\/media?parent=132028"}],"wp:term":[{"taxonomy":"category","embeddable":true,"href":"https:\/\/tvbrazilusa.com\/pt\/wp-json\/wp\/v2\/categories?post=132028"},{"taxonomy":"post_tag","embeddable":true,"href":"https:\/\/tvbrazilusa.com\/pt\/wp-json\/wp\/v2\/tags?post=132028"}],"curies":[{"name":"wp","href":"https:\/\/api.w.org\/{rel}","templated":true}]}}