{"id":132035,"date":"2026-04-24T16:15:00","date_gmt":"2026-04-24T16:15:00","guid":{"rendered":"https:\/\/tvbrazilusa.com\/2026\/04\/24\/stf-abre-licitacao-para-monitorar-redes-sociais-24h-por-dia\/"},"modified":"2026-04-24T16:20:28","modified_gmt":"2026-04-24T16:20:28","slug":"stf-abre-licitacao-para-monitorar-redes-sociais-24h-por-dia","status":"publish","type":"post","link":"https:\/\/tvbrazilusa.com\/pt\/2026\/04\/24\/stf-abre-licitacao-para-monitorar-redes-sociais-24h-por-dia\/","title":{"rendered":"STF abre licita\u00e7\u00e3o para monitorar redes sociais 24h por dia"},"content":{"rendered":"<p> <script async src=\"https:\/\/pagead2.googlesyndication.com\/pagead\/js\/adsbygoogle.js?client=ca-pub-8864793242727901\"\r\n     crossorigin=\"anonymous\"><\/script><br \/>\n<\/p>\n<div id=\"cd-article-content\">\n<p>O <strong><a href=\"https:\/\/portal.stf.jus.br\/\" target=\"_blank\" rel=\"noopener\">Supremo Tribunal Federal (STF)<\/a><\/strong> abriu licita\u00e7\u00e3o para contratar uma empresa de monitoramento de <strong><a href=\"https:\/\/claudiodantas.com.br\/tag\/redes-sociais\/\" data-type=\"post_tag\" data-id=\"573\">redes sociais<\/a><\/strong> com acompanhamento em tempo real, 24 horas por dia e 7 dias por semana, de men\u00e7\u00f5es \u00e0 Corte e aos <strong><a href=\"https:\/\/claudiodantas.com.br\/tag\/ministros\/\" data-type=\"post_tag\" data-id=\"708\">ministros<\/a><\/strong>. A informa\u00e7\u00e3o \u00e9 do site O Antagonista, que teve acesso ao edital.<\/p>\n<p><a href=\"https:\/\/whatsapp.com\/channel\/0029VaTFkH2HVvTbkE883x1x\" target=\"_blank\" class=\"whatsapp-channel-message\" rel=\"noopener\">\u2705 Siga o canal do Claudio Dantas no WhatsApp<\/a><\/p>\n<p>O objetivo \u00e9 subsidiar a comunica\u00e7\u00e3o institucional e apoiar a gest\u00e3o de crises diante do aumento de intera\u00e7\u00f5es envolvendo o tribunal nas plataformas digitais.<\/p>\n<p>O valor m\u00e1ximo do contrato \u00e9 de R$ 249,9 mil. A sess\u00e3o do preg\u00e3o eletr\u00f4nico est\u00e1 marcada para 11 de maio de 2026, \u00e0s 14h. O servi\u00e7o prev\u00ea monitoramento cont\u00ednuo em plataformas como X, Instagram, YouTube, Facebook e TikTok.<\/p>\n<p>De acordo com o edital, a empresa contratada pelo Supremo dever\u00e1 coletar e analisar dados em larga escala, com uso de ferramentas profissionais e produ\u00e7\u00e3o de relat\u00f3rios. A contrata\u00e7\u00e3o ser\u00e1 pelo crit\u00e9rio de menor pre\u00e7o, em regime de empreitada global, com dura\u00e7\u00e3o inicial de 12 meses.<\/p>\n<p>O edital da Corte prev\u00ea envio de alertas sobre conte\u00fados com potencial de repercuss\u00e3o, inclusive por aplicativos de mensagem, al\u00e9m de relat\u00f3rios di\u00e1rios e mensais com an\u00e1lises quantitativas e qualitativas. Tamb\u00e9m est\u00e3o previstos boletins em casos de maior impacto, com prazo de at\u00e9 24h.<\/p>\n<p>O Supremo exige ainda capacidade da empresa para lidar com at\u00e9 500 mil men\u00e7\u00f5es por dia e recursos como classifica\u00e7\u00e3o autom\u00e1tica de sentimento, identifica\u00e7\u00e3o de tend\u00eancias e mapeamento de influencers.<\/p>\n<p>O contrato da Corte tamb\u00e9m inclui pain\u00e9is de acompanhamento com atualiza\u00e7\u00e3o constante e acesso direto pela equipe do STF. A estrutura m\u00ednima exigida pelo Supremo prev\u00ea 4 profissionais dedicados ao monitoramento cont\u00ednuo.<\/p>\n<figure class=\"wp-block-image size-large\"><\/figure>\n<\/div>\n<p><script type=\"2517b3737e6616b931ba469c-text\/javascript\">!function(f,b,e,v,n,t,s){if(f.fbq)return;n=f.fbq=function(){n.callMethod?n.callMethod.apply(n,arguments):n.queue.push(arguments)};if(!f._fbq)f._fbq=n;n.push=n;n.loaded=!0;n.version='2.0';n.queue=[];t=b.createElement(e);t.async=!0;t.src=v;s=b.getElementsByTagName(e)[0];s.parentNode.insertBefore(t,s)}(window,document,'script','https:\/\/connect.facebook.net\/en_US\/fbevents.js');fbq('init','1423865622537930');fbq('track','PageView');<\/script><br \/>\n<br \/><br \/>\n<br \/><a href=\"https:\/\/claudiodantas.com.br\/stf-licitacao-monitorar-redes-sociais-24h\/\">Source link <\/a><\/p>","protected":false},"excerpt":{"rendered":"<p>O Supremo Tribunal Federal (STF) abriu licita\u00e7\u00e3o para contratar uma empresa de monitoramento de redes sociais com acompanhamento em tempo real, 24 horas por dia e 7 dias por semana,&hellip;<\/p>","protected":false},"author":1,"featured_media":132036,"comment_status":"closed","ping_status":"open","sticky":false,"template":"","format":"standard","meta":{"content-type":"","footnotes":""},"categories":[16],"tags":[],"class_list":["post-132035","post","type-post","status-publish","format-standard","has-post-thumbnail","hentry","category-noticias"],"_links":{"self":[{"href":"https:\/\/tvbrazilusa.com\/pt\/wp-json\/wp\/v2\/posts\/132035","targetHints":{"allow":["GET"]}}],"collection":[{"href":"https:\/\/tvbrazilusa.com\/pt\/wp-json\/wp\/v2\/posts"}],"about":[{"href":"https:\/\/tvbrazilusa.com\/pt\/wp-json\/wp\/v2\/types\/post"}],"author":[{"embeddable":true,"href":"https:\/\/tvbrazilusa.com\/pt\/wp-json\/wp\/v2\/users\/1"}],"replies":[{"embeddable":true,"href":"https:\/\/tvbrazilusa.com\/pt\/wp-json\/wp\/v2\/comments?post=132035"}],"version-history":[{"count":1,"href":"https:\/\/tvbrazilusa.com\/pt\/wp-json\/wp\/v2\/posts\/132035\/revisions"}],"predecessor-version":[{"id":132037,"href":"https:\/\/tvbrazilusa.com\/pt\/wp-json\/wp\/v2\/posts\/132035\/revisions\/132037"}],"wp:featuredmedia":[{"embeddable":true,"href":"https:\/\/tvbrazilusa.com\/pt\/wp-json\/wp\/v2\/media\/132036"}],"wp:attachment":[{"href":"https:\/\/tvbrazilusa.com\/pt\/wp-json\/wp\/v2\/media?parent=132035"}],"wp:term":[{"taxonomy":"category","embeddable":true,"href":"https:\/\/tvbrazilusa.com\/pt\/wp-json\/wp\/v2\/categories?post=132035"},{"taxonomy":"post_tag","embeddable":true,"href":"https:\/\/tvbrazilusa.com\/pt\/wp-json\/wp\/v2\/tags?post=132035"}],"curies":[{"name":"wp","href":"https:\/\/api.w.org\/{rel}","templated":true}]}}