{"id":132075,"date":"2026-04-24T19:12:35","date_gmt":"2026-04-24T19:12:35","guid":{"rendered":"https:\/\/tvbrazilusa.com\/2026\/04\/24\/stf-abre-licitacao-para-monitorar-redes-sociais-24h-por-dia-paulo-figueiredo\/"},"modified":"2026-04-24T19:14:21","modified_gmt":"2026-04-24T19:14:21","slug":"stf-abre-licitacao-para-monitorar-redes-sociais-24h-por-dia-paulo-figueiredo","status":"publish","type":"post","link":"https:\/\/tvbrazilusa.com\/pt\/2026\/04\/24\/stf-abre-licitacao-para-monitorar-redes-sociais-24h-por-dia-paulo-figueiredo\/","title":{"rendered":"STF abre licita\u00e7\u00e3o para monitorar redes sociais 24h por dia &#8211; Paulo Figueiredo"},"content":{"rendered":"<p> <script async src=\"https:\/\/pagead2.googlesyndication.com\/pagead\/js\/adsbygoogle.js?client=ca-pub-8864793242727901\"\r\n     crossorigin=\"anonymous\"><\/script><br \/>\n<\/p>\n<div id=\"wtr-content\" data-bg=\"#FFFFFF\" data-fg=\"#006d91\" data-width=\"25\" data-mute=\"1\" data-fgopacity=\"1.00\" data-mutedopacity=\"0.5\" data-placement=\"bottom\" data-placement-offset=\"0\" data-content-offset=\"262\" data-placement-touch=\"bottom\" data-placement-offset-touch=\"0\" data-transparent=\"\" data-shadow=\"0\" data-touch=\"1\" data-non-touch=\"1\" data-comments=\"0\" data-commentsbg=\"transparent\" data-location=\"page\" data-mutedfg=\"#006d91\" data-endfg=\"#006d91\" data-rtl=\"\">\n<h4 class=\"wp-block-heading\">Corte prev\u00ea monitoramento em tempo real de men\u00e7\u00f5es aos ministros<\/h4>\n<p>O\u00a0Supremo Tribunal Federal (STF)\u00a0abriu licita\u00e7\u00e3o para contratar uma empresa de monitoramento de\u00a0redes sociais\u00a0com acompanhamento em tempo real, 24 horas por dia e 7 dias por semana, de men\u00e7\u00f5es \u00e0 Corte e aos\u00a0ministros. A informa\u00e7\u00e3o \u00e9 do site O Antagonista, que teve acesso ao edital.<a href=\"https:\/\/whatsapp.com\/channel\/0029VaTFkH2HVvTbkE883x1x\"\/><\/p>\n<p>O objetivo \u00e9 subsidiar a comunica\u00e7\u00e3o institucional e apoiar a gest\u00e3o de crises diante do aumento de intera\u00e7\u00f5es envolvendo o tribunal nas plataformas digitais.<\/p>\n<p>O valor m\u00e1ximo do contrato \u00e9 de R$ 249,9 mil. A sess\u00e3o do preg\u00e3o eletr\u00f4nico est\u00e1 marcada para 11 de maio de 2026, \u00e0s 14h. O servi\u00e7o prev\u00ea monitoramento cont\u00ednuo em plataformas como X, Instagram, YouTube, Facebook e TikTok.<\/p>\n<p>De acordo com o edital, a empresa contratada pelo Supremo dever\u00e1 coletar e analisar dados em larga escala, com uso de ferramentas profissionais e produ\u00e7\u00e3o de relat\u00f3rios. A contrata\u00e7\u00e3o ser\u00e1 pelo crit\u00e9rio de menor pre\u00e7o, em regime de empreitada global, com dura\u00e7\u00e3o inicial de 12 meses.<\/p>\n<p>O edital da Corte prev\u00ea envio de alertas sobre conte\u00fados com potencial de repercuss\u00e3o, inclusive por aplicativos de mensagem, al\u00e9m de relat\u00f3rios di\u00e1rios e mensais com an\u00e1lises quantitativas e qualitativas. Tamb\u00e9m est\u00e3o previstos boletins em casos de maior impacto, com prazo de at\u00e9 24h.<\/p>\n<p>O Supremo exige ainda capacidade da empresa para lidar com at\u00e9 500 mil men\u00e7\u00f5es por dia e recursos como classifica\u00e7\u00e3o autom\u00e1tica de sentimento, identifica\u00e7\u00e3o de tend\u00eancias e mapeamento de influencers.<\/p>\n<p>O contrato da Corte tamb\u00e9m inclui pain\u00e9is de acompanhamento com atualiza\u00e7\u00e3o constante e acesso direto pela equipe do STF. A estrutura m\u00ednima exigida pelo Supremo prev\u00ea 4 profissionais dedicados ao monitoramento cont\u00ednuo.<\/p>\n<figure class=\"wp-block-image aligncenter\"><\/figure>\n<p><strong><a href=\"https:\/\/claudiodantas.com.br\/stf-licitacao-monitorar-redes-sociais-24h\/\">Cr\u00e9dito Cl\u00e1udio Dantas<\/a><\/strong><\/p>\n<\/div>\n<p><br \/>\n<br \/><a href=\"https:\/\/paulofigueiredoshow.com\/stf-abre-licitacao-para-monitorar-redes-sociais-24h-por-dia\/\">Source link <\/a><\/p>","protected":false},"excerpt":{"rendered":"<p>Corte prev\u00ea monitoramento em tempo real de men\u00e7\u00f5es aos ministros O\u00a0Supremo Tribunal Federal (STF)\u00a0abriu licita\u00e7\u00e3o para contratar uma empresa de monitoramento de\u00a0redes sociais\u00a0com acompanhamento em tempo real, 24 horas por&hellip;<\/p>","protected":false},"author":1,"featured_media":132036,"comment_status":"closed","ping_status":"open","sticky":false,"template":"","format":"standard","meta":{"content-type":"","footnotes":""},"categories":[16],"tags":[],"class_list":["post-132075","post","type-post","status-publish","format-standard","has-post-thumbnail","hentry","category-noticias"],"_links":{"self":[{"href":"https:\/\/tvbrazilusa.com\/pt\/wp-json\/wp\/v2\/posts\/132075","targetHints":{"allow":["GET"]}}],"collection":[{"href":"https:\/\/tvbrazilusa.com\/pt\/wp-json\/wp\/v2\/posts"}],"about":[{"href":"https:\/\/tvbrazilusa.com\/pt\/wp-json\/wp\/v2\/types\/post"}],"author":[{"embeddable":true,"href":"https:\/\/tvbrazilusa.com\/pt\/wp-json\/wp\/v2\/users\/1"}],"replies":[{"embeddable":true,"href":"https:\/\/tvbrazilusa.com\/pt\/wp-json\/wp\/v2\/comments?post=132075"}],"version-history":[{"count":1,"href":"https:\/\/tvbrazilusa.com\/pt\/wp-json\/wp\/v2\/posts\/132075\/revisions"}],"predecessor-version":[{"id":132076,"href":"https:\/\/tvbrazilusa.com\/pt\/wp-json\/wp\/v2\/posts\/132075\/revisions\/132076"}],"wp:featuredmedia":[{"embeddable":true,"href":"https:\/\/tvbrazilusa.com\/pt\/wp-json\/wp\/v2\/media\/132036"}],"wp:attachment":[{"href":"https:\/\/tvbrazilusa.com\/pt\/wp-json\/wp\/v2\/media?parent=132075"}],"wp:term":[{"taxonomy":"category","embeddable":true,"href":"https:\/\/tvbrazilusa.com\/pt\/wp-json\/wp\/v2\/categories?post=132075"},{"taxonomy":"post_tag","embeddable":true,"href":"https:\/\/tvbrazilusa.com\/pt\/wp-json\/wp\/v2\/tags?post=132075"}],"curies":[{"name":"wp","href":"https:\/\/api.w.org\/{rel}","templated":true}]}}