{"id":132081,"date":"2026-04-24T19:24:32","date_gmt":"2026-04-24T19:24:32","guid":{"rendered":"https:\/\/tvbrazilusa.com\/2026\/04\/24\/gilmar-nao-descarta-intervencao-do-stf-sobre-processo-de-impeachment-contra-ministros-aberto-pelo-senado-paulo-figueiredo\/"},"modified":"2026-04-24T19:28:32","modified_gmt":"2026-04-24T19:28:32","slug":"gilmar-nao-descarta-intervencao-do-stf-sobre-processo-de-impeachment-contra-ministros-aberto-pelo-senado-paulo-figueiredo","status":"publish","type":"post","link":"https:\/\/tvbrazilusa.com\/pt\/2026\/04\/24\/gilmar-nao-descarta-intervencao-do-stf-sobre-processo-de-impeachment-contra-ministros-aberto-pelo-senado-paulo-figueiredo\/","title":{"rendered":"Gilmar n\u00e3o descarta interven\u00e7\u00e3o do STF sobre processo de impeachment contra ministros aberto pelo Senado &#8211; Paulo Figueiredo"},"content":{"rendered":"<p> <script async src=\"https:\/\/pagead2.googlesyndication.com\/pagead\/js\/adsbygoogle.js?client=ca-pub-8864793242727901\"\r\n     crossorigin=\"anonymous\"><\/script><br \/>\n<\/p>\n<div id=\"wtr-content\" data-bg=\"#FFFFFF\" data-fg=\"#006d91\" data-width=\"25\" data-mute=\"1\" data-fgopacity=\"1.00\" data-mutedopacity=\"0.5\" data-placement=\"bottom\" data-placement-offset=\"0\" data-content-offset=\"262\" data-placement-touch=\"bottom\" data-placement-offset-touch=\"0\" data-transparent=\"\" data-shadow=\"0\" data-touch=\"1\" data-non-touch=\"1\" data-comments=\"0\" data-commentsbg=\"transparent\" data-location=\"page\" data-mutedfg=\"#006d91\" data-endfg=\"#006d91\" data-rtl=\"\">\n<p>Nesta sexta-feira, 24, o decano do\u00a0Supremo Tribunal Federal (STF),\u00a0Gilmar Mendes, n\u00e3o descartou poss\u00edvel interven\u00e7\u00e3o do STF em um eventual processo de\u00a0<em>impeachment\u00a0<\/em>de ministros da Corte, aberto pelo Senado.<\/p>\n<p>\u201cSe houver abuso, com certeza\u201d, declarou Mendes, durante entrevista \u00e0 CNN Brasil, ao ser interpelado acerca de o STF tomar alguma decis\u00e3o, em caso de abertura do procedimento. \u201cTodo o processo de\u00a0<em>impeachment\u00a0<\/em>\u00e9 pass\u00edvel de controle judicial.\u201d<\/p>\n<p>Recentemente, o ex-governador Romeu Zema defendeu o impedimento de magistrados do STF.<\/p>\n<p>\u201cEspero que o Senado venha a ter coragem de apreciar\u201d, disse o pr\u00e9-candidato \u00e0 Presid\u00eancia, \u00e0 RedeTV!.<\/p>\n<h4 class=\"wp-block-heading\" id=\"h-gilmar-mendes-se-retrata\">Gilmar Mendes se retrata<\/h4>\n<p>Na noite de ontem, Mendes se retratou, depois de fazer um coment\u00e1rio a respeito de Zema. \u201cErrei quando citei a homossexualidade ao me referir ao que seria uma acusa\u00e7\u00e3o injuriosa contra o ex-governador Romeu Zema\u201d, escreveu Mendes, no X. \u201cDesculpo-me pelo erro. E reitero o que est\u00e1 certo.\u201d<\/p>\n<p>Mais cedo, o decano observou ao Metr\u00f3poles: \u201cImagine que comecemos a fazer bonecos do Zema como homossexual. Ser\u00e1 que n\u00e3o \u00e9 ofensivo?\u201d<\/p>\n<p><strong><a href=\"https:\/\/revistaoeste.com\/politica\/gilmar-mendes-impeachment-ministros\/\">Cr\u00e9dito Revista Oeste<\/a><\/strong><\/p>\n<\/div>\n<p><br \/>\n<br \/><a href=\"https:\/\/paulofigueiredoshow.com\/gilmar-nao-descarta-intervencao-do-stf-sobre-processo-de-impeachment-contra-ministros-aberto-pelo-senado\/\">Source link <\/a><\/p>","protected":false},"excerpt":{"rendered":"<p>Nesta sexta-feira, 24, o decano do\u00a0Supremo Tribunal Federal (STF),\u00a0Gilmar Mendes, n\u00e3o descartou poss\u00edvel interven\u00e7\u00e3o do STF em um eventual processo de\u00a0impeachment\u00a0de ministros da Corte, aberto pelo Senado. \u201cSe houver abuso,&hellip;<\/p>","protected":false},"author":1,"featured_media":34745,"comment_status":"closed","ping_status":"open","sticky":false,"template":"","format":"standard","meta":{"content-type":"","footnotes":""},"categories":[16],"tags":[],"class_list":["post-132081","post","type-post","status-publish","format-standard","has-post-thumbnail","hentry","category-noticias"],"_links":{"self":[{"href":"https:\/\/tvbrazilusa.com\/pt\/wp-json\/wp\/v2\/posts\/132081","targetHints":{"allow":["GET"]}}],"collection":[{"href":"https:\/\/tvbrazilusa.com\/pt\/wp-json\/wp\/v2\/posts"}],"about":[{"href":"https:\/\/tvbrazilusa.com\/pt\/wp-json\/wp\/v2\/types\/post"}],"author":[{"embeddable":true,"href":"https:\/\/tvbrazilusa.com\/pt\/wp-json\/wp\/v2\/users\/1"}],"replies":[{"embeddable":true,"href":"https:\/\/tvbrazilusa.com\/pt\/wp-json\/wp\/v2\/comments?post=132081"}],"version-history":[{"count":1,"href":"https:\/\/tvbrazilusa.com\/pt\/wp-json\/wp\/v2\/posts\/132081\/revisions"}],"predecessor-version":[{"id":132082,"href":"https:\/\/tvbrazilusa.com\/pt\/wp-json\/wp\/v2\/posts\/132081\/revisions\/132082"}],"wp:featuredmedia":[{"embeddable":true,"href":"https:\/\/tvbrazilusa.com\/pt\/wp-json\/wp\/v2\/media\/34745"}],"wp:attachment":[{"href":"https:\/\/tvbrazilusa.com\/pt\/wp-json\/wp\/v2\/media?parent=132081"}],"wp:term":[{"taxonomy":"category","embeddable":true,"href":"https:\/\/tvbrazilusa.com\/pt\/wp-json\/wp\/v2\/categories?post=132081"},{"taxonomy":"post_tag","embeddable":true,"href":"https:\/\/tvbrazilusa.com\/pt\/wp-json\/wp\/v2\/tags?post=132081"}],"curies":[{"name":"wp","href":"https:\/\/api.w.org\/{rel}","templated":true}]}}